{"id":202,"date":"2012-07-27T16:36:37","date_gmt":"2012-07-27T16:36:37","guid":{"rendered":"http:\/\/blogs.hoy.es\/moterosdehoy\/?p=202"},"modified":"2012-07-27T16:36:37","modified_gmt":"2012-07-27T16:36:37","slug":"este-fin-de-semana-a-jaraiz-de-la-vera","status":"publish","type":"post","link":"https:\/\/blogs.hoy.es\/moterosdehoy\/2012\/07\/27\/este-fin-de-semana-a-jaraiz-de-la-vera\/","title":{"rendered":"\u00c9ste fin de semana a Jara\u00edz de la Vera"},"content":{"rendered":"<p style=\"text-align: justify;\">Como ya hab\u00eda anunciado el\u00a0<strong>viernes 27 de julio de 2012<\/strong>, dio comienzo la <a title=\"Jara\u00edz de la Vera 2012\" href=\"https:\/\/blogs.hoy.es\/moterosdehoy\/2012\/07\/13\/27-28-y-29-de-julio-concentracion-motera-en-jaraiz-de-la-vera\/#more-195\" target=\"_blank\">24\u00aa Concencentraci\u00f3n motera en Jara\u00edz de la Vera<\/a> (C\u00e1ceres).<\/p>\n<p style=\"text-align: justify;\">\u00c9ste a\u00f1o la acampada no ser\u00e1 en el Polideportivo, han habilitado para los inscritos, un lugar apropiado con todos los servicios necesarios, como duchas, lavabos, ba\u00f1os&#8230; para que puedan descansar despu\u00e9s de una larga noche, dado que otros a\u00f1os al estar la acampada junto a la zona de marcha era imposible. Tener en cuenta que la acampada no es libre, \u00fanicamente para los inscritos. Puedes ver fotos del lugar haciendo click <a title=\"Acampada para Concentraci\u00f3n motera de Jara\u00edz de la Vera 2012\" href=\"http:\/\/www.motoclublavera.es\/node\/9\" target=\"_blank\" rel=\"external nofollow\">aqu\u00ed<\/a>.<\/p>\n<p style=\"text-align: justify;\">El precio para la <strong>inscripci\u00f3n<\/strong> es de <strong>35 euros<\/strong>\/persona.<\/p>\n<p style=\"text-align: justify;\">Tener en cuenta que en la zona de <a title=\"Jara\u00edz de la Vera\" href=\"http:\/\/es.wikipedia.org\/wiki\/Jara%C3%ADz_de_la_Vera\" target=\"_blank\" rel=\"external nofollow\">Jara\u00edz de la Vera<\/a> hay piscinas naturales, lo que le da un buen toque a la concentraci\u00f3n motera, para que no sea todo moto, moto y moto.<\/p>\n<p style=\"text-align: justify;\">Aqu\u00ed os dejo unas fotos de la ruta del domingo:<\/p>\n<p style=\"text-align: justify;\"><!--more--><\/p>\n\n<p style=\"text-align: justify;\"><strong>\u00a0 \u00a0Saludos y r\u00e1fagas.<\/strong><\/p>\n<p>&nbsp;<\/p>\n<!-- AddThis Advanced Settings generic via filter on the_content --><!-- AddThis Share Buttons generic via filter on the_content -->","protected":false},"excerpt":{"rendered":"<p>Como ya hab\u00eda anunciado el\u00a0viernes 27 de julio de 2012, dio comienzo la 24\u00aa Concencentraci\u00f3n motera en Jara\u00edz de la Vera (C\u00e1ceres). \u00c9ste a\u00f1o la acampada no ser\u00e1 en el Polideportivo, han habilitado para los inscritos, un lugar apropiado con todos los servicios necesarios, como duchas, lavabos, ba\u00f1os&#8230; para que puedan descansar despu\u00e9s de una [&hellip;]<!-- AddThis Advanced Settings generic via filter on get_the_excerpt --><!-- AddThis Share Buttons generic via filter on get_the_excerpt --><\/p>\n","protected":false},"author":49,"featured_media":205,"comment_status":"open","ping_status":"closed","sticky":false,"template":"","format":"standard","meta":[],"categories":[13],"tags":[212,237,524,622,639],"_links":{"self":[{"href":"https:\/\/blogs.hoy.es\/moterosdehoy\/wp-json\/wp\/v2\/posts\/202"}],"collection":[{"href":"https:\/\/blogs.hoy.es\/moterosdehoy\/wp-json\/wp\/v2\/posts"}],"about":[{"href":"https:\/\/blogs.hoy.es\/moterosdehoy\/wp-json\/wp\/v2\/types\/post"}],"author":[{"embeddable":true,"href":"https:\/\/blogs.hoy.es\/moterosdehoy\/wp-json\/wp\/v2\/users\/49"}],"replies":[{"embeddable":true,"href":"https:\/\/blogs.hoy.es\/moterosdehoy\/wp-json\/wp\/v2\/comments?post=202"}],"version-history":[{"count":0,"href":"https:\/\/blogs.hoy.es\/moterosdehoy\/wp-json\/wp\/v2\/posts\/202\/revisions"}],"wp:featuredmedia":[{"embeddable":true,"href":"https:\/\/blogs.hoy.es\/moterosdehoy\/wp-json\/wp\/v2\/media\/205"}],"wp:attachment":[{"href":"https:\/\/blogs.hoy.es\/moterosdehoy\/wp-json\/wp\/v2\/media?parent=202"}],"wp:term":[{"taxonomy":"category","embeddable":true,"href":"https:\/\/blogs.hoy.es\/moterosdehoy\/wp-json\/wp\/v2\/categories?post=202"},{"taxonomy":"post_tag","embeddable":true,"href":"https:\/\/blogs.hoy.es\/moterosdehoy\/wp-json\/wp\/v2\/tags?post=202"}],"curies":[{"name":"wp","href":"https:\/\/api.w.org\/{rel}","templated":true}]}}