{"id":2021,"date":"2016-10-13T10:08:50","date_gmt":"2016-10-13T10:08:50","guid":{"rendered":"http:\/\/blogs.hoy.es\/moterosdehoy\/?p=2021"},"modified":"2016-10-13T10:08:50","modified_gmt":"2016-10-13T10:08:50","slug":"concentracion-motera-los-canchales-de-villar","status":"publish","type":"post","link":"https:\/\/blogs.hoy.es\/moterosdehoy\/2016\/10\/13\/concentracion-motera-los-canchales-de-villar\/","title":{"rendered":"Concentraci\u00f3n motera Los Canchales de Villar"},"content":{"rendered":"<p>El domingo d\u00eda 16 de octubre el club &#8220;Motos y Moter@s&#8221; de Badajoz, nos ha organizado una ruta por el norte de la provincia y sur de C\u00e1ceres.<\/p>\n<p><a href=\"\/moterosdehoy\/wp-content\/uploads\/sites\/45\/2016\/10\/2016-10-Villar-del-Rey.jpg\"><img loading=\"lazy\" class=\"alignleft size-medium wp-image-2022\" title=\"2016-10 Villar del Rey\" src=\"\/moterosdehoy\/wp-content\/uploads\/sites\/45\/2016\/10\/2016-10-Villar-del-Rey.jpg\" alt=\"\" width=\"213\" height=\"300\" srcset=\"https:\/\/static-blogs.hoy.es\/wp-content\/uploads\/sites\/45\/2016\/10\/2016-10-Villar-del-Rey.jpg 682w, https:\/\/static-blogs.hoy.es\/wp-content\/uploads\/sites\/45\/2016\/10\/2016-10-Villar-del-Rey-213x300.jpg 213w\" sizes=\"(max-width: 213px) 100vw, 213px\" \/><\/a>La concentraci\u00f3n est\u00e1 basada en la ruta y por ello debe tener un comienzo y un final, que ser\u00e1 en los Canchales de Villar del Rey.<\/p>\n<p>Los <a title=\"Hotel Rural Los Canchales de Villar\" href=\"http:\/\/www.loscanchalesdevillar.es\/\" target=\"_blank\" rel=\"external nofollow\">Canchales de Villar del Rey<\/a> es una antigua hacienda reconvertida en Hotel Rural, all\u00ed tendr\u00e1 lugar el encuentro a las 10 horas, con un buen desayuno a base de migas y churros, con el regreso de la ruta poco antes de las 13 horas, donde habr\u00e1 paella para los asistentes, y sobre las 14 horas sorteo de regalos.<!--more--><\/p>\n<p>La ruta iniciar\u00e1 a las 10:30 h, pasando por las localidades de Villar del Rey, Aliseda, Salorino, San Vicente de Alc\u00e1ntara, La Codosera, Alburquerque y finalizando en Villar del Rey. En total unos 148 kil\u00f3metros que pueden dar unas dos horas de entretemimiento, con preciosos paisajes.<\/p>\n<p>El grupo &#8220;<a title=\"Facebook de Motos y Moter@s\" href=\"https:\/\/www.facebook.com\/groups\/428193953955328\/\" target=\"_blank\" rel=\"external nofollow\">Motos y Moter@s<\/a>&#8221; tiene p\u00e1gina en facebook donde puedes contactar con ellos e inscribirte si lo deseas a la ruta. De paso y aunque no puedas ir en \u00e9sta ocasi\u00f3n seguro que m\u00e1s adelante los puedes acompa\u00f1ar en alguna. En su p\u00e1gina van publicando sus salidas.<\/p>\n<p>Para \u00e9sta ruta ya han confirmado asistencia cuarenta motos de C\u00e1ceres, veinte de La Codosera, quince de Villar del Rey, las propias de Motos y Moter@s, y de seguro que de Badajoz y alrededores se unen m\u00e1s.<\/p>\n<p>Tenemos un tiempo ideal para andar en moto, ni frio, ni calor, algo de lluvia eso s\u00ed, pero suelen ser chuvascos que pasan en un rato, para, descansa un poco y a continuar. Aprovecha y comprueba el estado de los neum\u00e1ticos, si est\u00e1n esperando el cambio es el momento, te evitar\u00e1s alg\u00fan que otro susto.<\/p>\n<p>Saludos y r\u00e1fagas.<\/p>\n<!-- AddThis Advanced Settings generic via filter on the_content --><!-- AddThis Share Buttons generic via filter on the_content -->","protected":false},"excerpt":{"rendered":"<p>El domingo d\u00eda 16 de octubre el club &#8220;Motos y Moter@s&#8221; de Badajoz, nos ha organizado una ruta por el norte de la provincia y sur de C\u00e1ceres. La concentraci\u00f3n est\u00e1 basada en la ruta y por ello debe tener un comienzo y un final, que ser\u00e1 en los Canchales de Villar del Rey. Los [&hellip;]<!-- AddThis Advanced Settings generic via filter on get_the_excerpt --><!-- AddThis Share Buttons generic via filter on get_the_excerpt --><\/p>\n","protected":false},"author":49,"featured_media":0,"comment_status":"open","ping_status":"closed","sticky":false,"template":"","format":"standard","meta":[],"categories":[13],"tags":[576,622,721,723],"_links":{"self":[{"href":"https:\/\/blogs.hoy.es\/moterosdehoy\/wp-json\/wp\/v2\/posts\/2021"}],"collection":[{"href":"https:\/\/blogs.hoy.es\/moterosdehoy\/wp-json\/wp\/v2\/posts"}],"about":[{"href":"https:\/\/blogs.hoy.es\/moterosdehoy\/wp-json\/wp\/v2\/types\/post"}],"author":[{"embeddable":true,"href":"https:\/\/blogs.hoy.es\/moterosdehoy\/wp-json\/wp\/v2\/users\/49"}],"replies":[{"embeddable":true,"href":"https:\/\/blogs.hoy.es\/moterosdehoy\/wp-json\/wp\/v2\/comments?post=2021"}],"version-history":[{"count":0,"href":"https:\/\/blogs.hoy.es\/moterosdehoy\/wp-json\/wp\/v2\/posts\/2021\/revisions"}],"wp:attachment":[{"href":"https:\/\/blogs.hoy.es\/moterosdehoy\/wp-json\/wp\/v2\/media?parent=2021"}],"wp:term":[{"taxonomy":"category","embeddable":true,"href":"https:\/\/blogs.hoy.es\/moterosdehoy\/wp-json\/wp\/v2\/categories?post=2021"},{"taxonomy":"post_tag","embeddable":true,"href":"https:\/\/blogs.hoy.es\/moterosdehoy\/wp-json\/wp\/v2\/tags?post=2021"}],"curies":[{"name":"wp","href":"https:\/\/api.w.org\/{rel}","templated":true}]}}