{"id":2023,"date":"2016-10-18T16:18:58","date_gmt":"2016-10-18T16:18:58","guid":{"rendered":"http:\/\/blogs.hoy.es\/moterosdehoy\/?p=2023"},"modified":"2016-10-18T16:18:58","modified_gmt":"2016-10-18T16:18:58","slug":"quedada-motera-en-villafranca-de-los-barros","status":"publish","type":"post","link":"https:\/\/blogs.hoy.es\/moterosdehoy\/2016\/10\/18\/quedada-motera-en-villafranca-de-los-barros\/","title":{"rendered":"Quedada motera en Villafranca de los Barros"},"content":{"rendered":"<p>El s\u00e1bado 22 de octubre ser\u00e1 la segunda quedada motera del motoclub &#8220;Domingueros Moteros&#8221;, y nuevamente ser\u00e1 en su localidad <a title=\"Villafranca de los barros en wikipedia\" href=\"https:\/\/es.wikipedia.org\/wiki\/Villafranca_de_los_Barros\" target=\"_blank\" rel=\"external nofollow\">Villafranca de los Barros<\/a> (Badajoz).<\/p>\n<p><a href=\"\/moterosdehoy\/wp-content\/uploads\/sites\/45\/2016\/10\/2016-10-Villafranca-de-los-Barros.jpg\"><img loading=\"lazy\" class=\"alignleft size-medium wp-image-2024\" title=\"2016-10 Villafranca de los Barros\" src=\"\/moterosdehoy\/wp-content\/uploads\/sites\/45\/2016\/10\/2016-10-Villafranca-de-los-Barros.jpg\" alt=\"\" width=\"212\" height=\"300\" srcset=\"https:\/\/static-blogs.hoy.es\/wp-content\/uploads\/sites\/45\/2016\/10\/2016-10-Villafranca-de-los-Barros.jpg 679w, https:\/\/static-blogs.hoy.es\/wp-content\/uploads\/sites\/45\/2016\/10\/2016-10-Villafranca-de-los-Barros-212x300.jpg 212w\" sizes=\"(max-width: 212px) 100vw, 212px\" \/><\/a>La verdad es que el nombre del motoclub no le da mucha seriedad al grupo, puede puede ser que eso precisamente sea lo que van buscando, y ya van a por su segunda quedada.<\/p>\n<p>Tendr\u00e1n una inscripci\u00f3n de 7 euros y la quedada comenzar\u00e1 a las 10 horas con esa apertura de inscripciones.<!--more--><\/p>\n<p>Habr\u00e1 exposici\u00f3n de motos cl\u00e1sicas y exhibici\u00f3n de Badajoz Racing School, en el cartel del evento ten\u00e9is todos los horarios.<\/p>\n<p>Adem\u00e1s si tienes pensado inscribirte no te hagas el remol\u00f3n, pues los primeros 40 tendr\u00e1n camiseta conmemorativa del evento.<\/p>\n<p>La fiesta se alargar\u00e1 con m\u00fasica hasta bien entrada la madrugada. Como bien ponen en el cartel &#8220;<strong>No puedes faltar<\/strong>&#8220;.<\/p>\n<p>Saludos y r\u00e1fagas.<\/p>\n<!-- AddThis Advanced Settings generic via filter on the_content --><!-- AddThis Share Buttons generic via filter on the_content -->","protected":false},"excerpt":{"rendered":"<p>El s\u00e1bado 22 de octubre ser\u00e1 la segunda quedada motera del motoclub &#8220;Domingueros Moteros&#8221;, y nuevamente ser\u00e1 en su localidad Villafranca de los Barros (Badajoz). La verdad es que el nombre del motoclub no le da mucha seriedad al grupo, puede puede ser que eso precisamente sea lo que van buscando, y ya van a [&hellip;]<!-- AddThis Advanced Settings generic via filter on get_the_excerpt --><!-- AddThis Share Buttons generic via filter on get_the_excerpt --><\/p>\n","protected":false},"author":49,"featured_media":0,"comment_status":"open","ping_status":"closed","sticky":false,"template":"","format":"standard","meta":[],"categories":[13],"tags":[346,611,622,1012],"_links":{"self":[{"href":"https:\/\/blogs.hoy.es\/moterosdehoy\/wp-json\/wp\/v2\/posts\/2023"}],"collection":[{"href":"https:\/\/blogs.hoy.es\/moterosdehoy\/wp-json\/wp\/v2\/posts"}],"about":[{"href":"https:\/\/blogs.hoy.es\/moterosdehoy\/wp-json\/wp\/v2\/types\/post"}],"author":[{"embeddable":true,"href":"https:\/\/blogs.hoy.es\/moterosdehoy\/wp-json\/wp\/v2\/users\/49"}],"replies":[{"embeddable":true,"href":"https:\/\/blogs.hoy.es\/moterosdehoy\/wp-json\/wp\/v2\/comments?post=2023"}],"version-history":[{"count":0,"href":"https:\/\/blogs.hoy.es\/moterosdehoy\/wp-json\/wp\/v2\/posts\/2023\/revisions"}],"wp:attachment":[{"href":"https:\/\/blogs.hoy.es\/moterosdehoy\/wp-json\/wp\/v2\/media?parent=2023"}],"wp:term":[{"taxonomy":"category","embeddable":true,"href":"https:\/\/blogs.hoy.es\/moterosdehoy\/wp-json\/wp\/v2\/categories?post=2023"},{"taxonomy":"post_tag","embeddable":true,"href":"https:\/\/blogs.hoy.es\/moterosdehoy\/wp-json\/wp\/v2\/tags?post=2023"}],"curies":[{"name":"wp","href":"https:\/\/api.w.org\/{rel}","templated":true}]}}