{"id":2025,"date":"2016-10-19T16:12:29","date_gmt":"2016-10-19T16:12:29","guid":{"rendered":"http:\/\/blogs.hoy.es\/moterosdehoy\/?p=2025"},"modified":"2016-10-19T16:12:29","modified_gmt":"2016-10-19T16:12:29","slug":"ruta-motera-del-wolframio","status":"publish","type":"post","link":"https:\/\/blogs.hoy.es\/moterosdehoy\/2016\/10\/19\/ruta-motera-del-wolframio\/","title":{"rendered":"Ruta motera del wolframio"},"content":{"rendered":"<p>Parece que est\u00e1 de moda organizar rutas moteras o crear pe\u00f1as moteras, no paran de salir por todas partes. Por un lado fenomenal as\u00ed hay diversidad y tendr\u00e1s m\u00e1s opci\u00f3n de encontrar alg\u00fan grupo que te guste, por su gente, por sus m\u00e1quinas, por su ubicaci\u00f3n, por su lo que sea.<\/p>\n<p><a href=\"\/moterosdehoy\/wp-content\/uploads\/sites\/45\/2016\/10\/2016-10-Valle-de-la-Serena.jpg\"><img loading=\"lazy\" class=\"alignleft size-medium wp-image-2026\" title=\"2016-10 Valle de la Serena\" src=\"\/moterosdehoy\/wp-content\/uploads\/sites\/45\/2016\/10\/2016-10-Valle-de-la-Serena.jpg\" alt=\"\" width=\"214\" height=\"300\" srcset=\"https:\/\/static-blogs.hoy.es\/wp-content\/uploads\/sites\/45\/2016\/10\/2016-10-Valle-de-la-Serena.jpg 686w, https:\/\/static-blogs.hoy.es\/wp-content\/uploads\/sites\/45\/2016\/10\/2016-10-Valle-de-la-Serena-214x300.jpg 214w\" sizes=\"(max-width: 214px) 100vw, 214px\" \/><\/a>En \u00e9sta ocasi\u00f3n la &#8220;Pe\u00f1a motera 06458&#8221; ha organizado su &#8220;<strong>I Ruta motera del wolframio<\/strong>&#8220;, que tendr\u00e1 lugar el domingo d\u00eda <strong>23 de octubre<\/strong> en el <a title=\"Valle de la Serena en wikipedia\" href=\"https:\/\/es.wikipedia.org\/wiki\/Valle_de_la_Serena\" target=\"_blank\" rel=\"external nofollow\">Valle de la Serena<\/a>\u00a0(Badajoz).<\/p>\n<p>Habr\u00e1 una inscripci\u00f3n de 5\u20ac que estar\u00e1 disponible entre las 09:30 y 10:30 horas en el Bar el Copazo, del\u00a0Valle de la Serena. <!--more-->Con esa inscripci\u00f3n obtendr\u00e1s desayuno, comida y regalo, adem\u00e1s de una papeleta para los sorteos, en los que tienen m\u00e1s de 1.500\u20ac.<\/p>\n<p>Durante la ma\u00f1ana y si el tiempo lo permite, pues da agua, realizar\u00e1n una ruta pasando por las localidades de Valle de la Serena, Puebla de la Reina, Hornachos, Valencia de las Torres, Campillo de Llerena, Higuera de la Serena, y regreso a Valle de la Serena, donde tendr\u00e1n la comida. Unos 120 kil\u00f3metros.<\/p>\n<p>Regresando a la pe\u00f1a motera 06458 hay que decir que por lo menos son creativos, es la primera vez que veo el c\u00f3digo postal de la localidad como parte del nombre del club.<\/p>\n<p>Saludos y r\u00e1fagas.<\/p>\n<p>&nbsp;<\/p>\n<!-- AddThis Advanced Settings generic via filter on the_content --><!-- AddThis Share Buttons generic via filter on the_content -->","protected":false},"excerpt":{"rendered":"<p>Parece que est\u00e1 de moda organizar rutas moteras o crear pe\u00f1as moteras, no paran de salir por todas partes. Por un lado fenomenal as\u00ed hay diversidad y tendr\u00e1s m\u00e1s opci\u00f3n de encontrar alg\u00fan grupo que te guste, por su gente, por sus m\u00e1quinas, por su ubicaci\u00f3n, por su lo que sea. En \u00e9sta ocasi\u00f3n la [&hellip;]<!-- AddThis Advanced Settings generic via filter on get_the_excerpt --><!-- AddThis Share Buttons generic via filter on get_the_excerpt --><\/p>\n","protected":false},"author":49,"featured_media":0,"comment_status":"open","ping_status":"closed","sticky":false,"template":"","format":"standard","meta":[],"categories":[13],"tags":[622,758,864],"_links":{"self":[{"href":"https:\/\/blogs.hoy.es\/moterosdehoy\/wp-json\/wp\/v2\/posts\/2025"}],"collection":[{"href":"https:\/\/blogs.hoy.es\/moterosdehoy\/wp-json\/wp\/v2\/posts"}],"about":[{"href":"https:\/\/blogs.hoy.es\/moterosdehoy\/wp-json\/wp\/v2\/types\/post"}],"author":[{"embeddable":true,"href":"https:\/\/blogs.hoy.es\/moterosdehoy\/wp-json\/wp\/v2\/users\/49"}],"replies":[{"embeddable":true,"href":"https:\/\/blogs.hoy.es\/moterosdehoy\/wp-json\/wp\/v2\/comments?post=2025"}],"version-history":[{"count":0,"href":"https:\/\/blogs.hoy.es\/moterosdehoy\/wp-json\/wp\/v2\/posts\/2025\/revisions"}],"wp:attachment":[{"href":"https:\/\/blogs.hoy.es\/moterosdehoy\/wp-json\/wp\/v2\/media?parent=2025"}],"wp:term":[{"taxonomy":"category","embeddable":true,"href":"https:\/\/blogs.hoy.es\/moterosdehoy\/wp-json\/wp\/v2\/categories?post=2025"},{"taxonomy":"post_tag","embeddable":true,"href":"https:\/\/blogs.hoy.es\/moterosdehoy\/wp-json\/wp\/v2\/tags?post=2025"}],"curies":[{"name":"wp","href":"https:\/\/api.w.org\/{rel}","templated":true}]}}