{"id":2027,"date":"2016-11-01T10:28:00","date_gmt":"2016-11-01T10:28:00","guid":{"rendered":"http:\/\/blogs.hoy.es\/moterosdehoy\/?p=2027"},"modified":"2016-11-01T10:28:00","modified_gmt":"2016-11-01T10:28:00","slug":"ruta-al-dolmen-de-lacara","status":"publish","type":"post","link":"https:\/\/blogs.hoy.es\/moterosdehoy\/2016\/11\/01\/ruta-al-dolmen-de-lacara\/","title":{"rendered":"Ruta al D\u00f3lmen de L\u00e1cara"},"content":{"rendered":"<p>Pronto llegamos al garaje y nos encontramos la moto debajo de un pl\u00e1stico, no es un fantasma al fondo del garaje, es nuestra moto queriendo salir a rodar. Se aproxima el mal tiempo pero para \u00e9ste domingo, si el tiempo no cambia, la silueta de nuestra moto puede estar marcada en el asfalto por el sol.<\/p>\n<p><a href=\"\/moterosdehoy\/wp-content\/uploads\/sites\/45\/2016\/11\/Ruta-al-D\u00f3lmen-de-L\u00e1cara.jpg\"><img loading=\"lazy\" class=\"alignleft size-medium wp-image-2028\" title=\"Ruta al D\u00f3lmen de L\u00e1cara\" src=\"\/moterosdehoy\/wp-content\/uploads\/sites\/45\/2016\/11\/Ruta-al-D\u00f3lmen-de-L\u00e1cara.jpg\" alt=\"\" width=\"201\" height=\"300\" \/><\/a>Hemos organizado una rutita para el <strong>domingo d\u00eda 6 de noviembre<\/strong>, por cierto mi cumple, por si alguna quiere ir a darme un besito.<\/p>\n<p>Para la ruta no hay inscripci\u00f3n y puede acudir todo el que lo desee, si acuden motocicletas de baja cilindrada que se vean obligadas a circular m\u00e1s despacio de lo marcado en la v\u00eda, o por el contrario de acelerador inquieto, se realizar\u00e1n varias tandas, para que nadie se sienta inc\u00f3modo.<!--more--><\/p>\n<p>La quedada tendr\u00e1 lugar<strong> a las 10:30h, en el Caf\u00e9 Gran V\u00eda de San Roque<\/strong>, en Badajoz.<\/p>\n<p>A las <strong>11:00h, iniciar\u00e1 la ruta hacia el D\u00f3lmen de L\u00e1cara<\/strong>, el recorrido de ida se realizar\u00e1 por La Roca de la Sierra y La Nava de Santiago, con un recorrido de unos 65 kil\u00f3metros. Una vez pr\u00f3ximo al D\u00f3lmen se estacionar\u00e1 y se realizar\u00e1 una peque\u00f1a caminata hasta llegar al propio D\u00f3lmen, por lo que las chicas moteras evitar llevar &#8220;tacones&#8221;, aunque est\u00e9is muy monas.<a href=\"\/moterosdehoy\/wp-content\/uploads\/sites\/45\/2016\/11\/imag_1201_extremadura_dolmen_lacara_mapa.gif\"><img loading=\"lazy\" class=\"alignright size-medium wp-image-2029\" title=\"imag_1201_extremadura_dolmen_lacara_mapa\" src=\"\/moterosdehoy\/wp-content\/uploads\/sites\/45\/2016\/11\/imag_1201_extremadura_dolmen_lacara_mapa.gif\" alt=\"\" width=\"300\" height=\"236\" \/><\/a><\/p>\n<p>Tras un ratito en el lugar para fotitos y dem\u00e1s, se iniciar\u00e1 la ruta de regreso, de unos 70 kil\u00f3metros, que ser\u00e1 por Montijo y carretera EX-209, hasta llegar sobre las 13:00h, a nuestro Club (Pol\u00edgono de El Nevero, Badajoz) donde tendr\u00e1 lugar un picoteo a base de cerveza o refresco m\u00e1s tapa a UN EURO, hasta acabar existencias. Tambi\u00e9n habr\u00e1 plato de garbanzos y algo de barbacoa, por supuesto acompa\u00f1ado de m\u00fasica.<\/p>\n<p>El total de la ruta ronda los 135 kil\u00f3metros, lo justo para desentumecer un poco las ruedas, por favor quien vaya acudir que lo haga como en la mili. Como ya no se hace lo recuerdo, &#8220;Comido, Bebido, Meao y Cagao&#8221;, y otro tanto para la moto, o sea &#8220;repostao&#8221;.<\/p>\n<p>El D\u00f3lmen de L\u00e1cara, es un\u00a0<a title=\"Megalito\" href=\"https:\/\/es.wikipedia.org\/wiki\/Megalito\" rel=\"external nofollow\">megalito<\/a>\u00a0que sigue el modelo de nuestra vecino\u00a0<a title=\"Portugal\" href=\"https:\/\/es.wikipedia.org\/wiki\/Portugal\" rel=\"external nofollow\">Portugal<\/a>\u00a0se conoce como <a title=\"Anta (arqueolog\u00eda) (a\u00fan no redactado)\" href=\"https:\/\/es.wikipedia.org\/w\/index.php?title=Anta_(arqueolog%C3%ADa)&#038;action=edit&#038;redlink=1\" rel=\"external nofollow\">anta<\/a>. Es el m\u00e1s grande de Extremadura. Data de finales del\u00a0<a title=\"Neol\u00edtico\" href=\"https:\/\/es.wikipedia.org\/wiki\/Neol%C3%ADtico\" rel=\"external nofollow\">Neol\u00edtico<\/a>\u00a0o la\u00a0<a title=\"Edad del Cobre\" href=\"https:\/\/es.wikipedia.org\/wiki\/Edad_del_Cobre\" rel=\"external nofollow\">edad del cobre<\/a>\u00a0(4000-3000 a. C.)<\/p>\n<p>El dolmen, de 20 a 25 m de di\u00e1metro, del que todav\u00eda se conservan algunos bordillos y un lateral con la amplia c\u00e1mara, tiene sus restos en una colina redonda. Consta de una c\u00e1mara circular y un largo y ancho pasillo. De la c\u00e1mara, que debi\u00f3 tener unos 5 m de alto, los bloques laterales, excepto dos de ellos m\u00e1s largos, solamente se conservan en su parte inferior, mientras que la piedra que los cubr\u00eda ha desaparecido.<\/p>\n<p>Relativamente intactos est\u00e1n el corredor, un portal cuadrado y cuatro de los cinco falsos techos horizontales. La parte posterior est\u00e1 separada de la anterior por dos piedras laterales. Durante la excavaci\u00f3n se hallaron una serie de piedras rotas que pertenecieron a la planta.<\/p>\n<p>La informaci\u00f3n del D\u00f3lmen est\u00e1 sacada de <a title=\"D\u00f3lmen de L\u00e1cara en wikipedia\" href=\"https:\/\/es.wikipedia.org\/wiki\/Dolmen_del_prado_de_L%C3%A1cara\" target=\"_blank\" rel=\"external nofollow\">wikipedia<\/a>.<\/p>\n<p>No te pierdas un gran d\u00eda motero y \u00fanete a la ruta.<\/p>\n<p>Saludos y r\u00e1fagas.<\/p>\n<!-- AddThis Advanced Settings generic via filter on the_content --><!-- AddThis Share Buttons generic via filter on the_content -->","protected":false},"excerpt":{"rendered":"<p>Pronto llegamos al garaje y nos encontramos la moto debajo de un pl\u00e1stico, no es un fantasma al fondo del garaje, es nuestra moto queriendo salir a rodar. Se aproxima el mal tiempo pero para \u00e9ste domingo, si el tiempo no cambia, la silueta de nuestra moto puede estar marcada en el asfalto por el [&hellip;]<!-- AddThis Advanced Settings generic via filter on get_the_excerpt --><!-- AddThis Share Buttons generic via filter on get_the_excerpt --><\/p>\n","protected":false},"author":49,"featured_media":0,"comment_status":"open","ping_status":"closed","sticky":false,"template":"","format":"standard","meta":[],"categories":[11,13],"tags":[345,619,622,624,850],"_links":{"self":[{"href":"https:\/\/blogs.hoy.es\/moterosdehoy\/wp-json\/wp\/v2\/posts\/2027"}],"collection":[{"href":"https:\/\/blogs.hoy.es\/moterosdehoy\/wp-json\/wp\/v2\/posts"}],"about":[{"href":"https:\/\/blogs.hoy.es\/moterosdehoy\/wp-json\/wp\/v2\/types\/post"}],"author":[{"embeddable":true,"href":"https:\/\/blogs.hoy.es\/moterosdehoy\/wp-json\/wp\/v2\/users\/49"}],"replies":[{"embeddable":true,"href":"https:\/\/blogs.hoy.es\/moterosdehoy\/wp-json\/wp\/v2\/comments?post=2027"}],"version-history":[{"count":0,"href":"https:\/\/blogs.hoy.es\/moterosdehoy\/wp-json\/wp\/v2\/posts\/2027\/revisions"}],"wp:attachment":[{"href":"https:\/\/blogs.hoy.es\/moterosdehoy\/wp-json\/wp\/v2\/media?parent=2027"}],"wp:term":[{"taxonomy":"category","embeddable":true,"href":"https:\/\/blogs.hoy.es\/moterosdehoy\/wp-json\/wp\/v2\/categories?post=2027"},{"taxonomy":"post_tag","embeddable":true,"href":"https:\/\/blogs.hoy.es\/moterosdehoy\/wp-json\/wp\/v2\/tags?post=2027"}],"curies":[{"name":"wp","href":"https:\/\/api.w.org\/{rel}","templated":true}]}}