{"id":2031,"date":"2016-11-07T16:32:21","date_gmt":"2016-11-07T16:32:21","guid":{"rendered":"http:\/\/blogs.hoy.es\/moterosdehoy\/?p=2031"},"modified":"2016-11-07T16:32:21","modified_gmt":"2016-11-07T16:32:21","slug":"concierto-benefico-en-caceres","status":"publish","type":"post","link":"https:\/\/blogs.hoy.es\/moterosdehoy\/2016\/11\/07\/concierto-benefico-en-caceres\/","title":{"rendered":"Concierto ben\u00e9fico en C\u00e1ceres"},"content":{"rendered":"<p>El grupo motero <a title=\"MG Asmodeus Extremadura en facebook\" href=\"https:\/\/www.facebook.com\/MG-Asmodeus-Extremadura-866105953486977\/\" target=\"_blank\" rel=\"external nofollow\">MG Asmodeus Extremadura<\/a>, afincado en C\u00e1ceres capital, celebrar\u00e1 su primer aniversario y que mejor forma que realizando un evento solidario. Han preparado una gala musical a favor de Iker, el 12 de noviembre.<\/p>\n<p><a href=\"\/moterosdehoy\/wp-content\/uploads\/sites\/45\/2016\/11\/11-2016-C\u00e1ceres.jpg\"><img loading=\"lazy\" class=\"alignleft size-medium wp-image-2032\" title=\"11-2016 C\u00e1ceres\" src=\"\/moterosdehoy\/wp-content\/uploads\/sites\/45\/2016\/11\/11-2016-C\u00e1ceres.jpg\" alt=\"\" width=\"212\" height=\"300\" srcset=\"https:\/\/static-blogs.hoy.es\/wp-content\/uploads\/sites\/45\/2016\/11\/11-2016-C\u00e1ceres.jpg 680w, https:\/\/static-blogs.hoy.es\/wp-content\/uploads\/sites\/45\/2016\/11\/11-2016-C\u00e1ceres-213x300.jpg 213w\" sizes=\"(max-width: 212px) 100vw, 212px\" \/><\/a>El fin de la gala musical es recaudar fondos que costeen el tratamiento de Iker, un peque\u00f1o con <a title=\"Art\u00edculo sobre la Displasia caudal\" href=\"http:\/\/rcientificas.uninorte.edu.co\/index.php\/salud\/article\/viewArticle\/1569\/3708\" target=\"_blank\" rel=\"external nofollow\">displasia caudal<\/a>, una enfermedad rara que le lleva a Barcelona para seguir el tratamiento. Desde el d\u00eda 2 de noviembre la familia y el menor comenzaron una nueva etapa del tratamiento de la enfermedad.<\/p>\n<p>Con el evento, que se celebra el 12 de noviembre y que dar\u00e1 comienzo a las 21.00 horas, pretenden reunir fondos para sufragar las costosas operaciones. De hecho, el precio \u00edntegro de la entrada, 10 euros, \u00a0ir\u00e1 destinado al tratamiento del menor.<!--more--><\/p>\n<p>La gala musical contar\u00e1 con la actuaci\u00f3n de numerosos grupos, entre ellos Rebeldes, Trogloditas, Amistades Peligrosas, Nivel Fre\u00e1tico, Manolo, el burro y C\u00eda, Estela de Mar\u00eda, Pares Sueltos, Smile, La Bruja roja y Porco Bravo.<\/p>\n<p>Los interesados pueden comprar la entrada anticipada en el bar Orense y en el Vivaldi, ambos de C\u00e1ceres. El evento est\u00e1 organizado por colectivos como Las Sonrisas Mueven el Mundo, la Fundaci\u00f3n Ayuda a Iker y el hotel Don Manuel, adem\u00e1s cuenta con la colaboraci\u00f3n de Carrefour y el Ayuntamiento de C\u00e1ceres, entre otros, sin olvidar la colaboraci\u00f3n de otros grupos moteros como Los Buitres Leonaos, Extremadura 15-50, y Rolling Custom Club, por lo que el ambiente motero est\u00e1 asegurado.<\/p>\n<p>No lo dudes y acude a la gala, tiene un gran fin, recuerda que Iker necesita de nuestra colaboraci\u00f3n.<\/p>\n<p>Saludos y r\u00e1fagas.<\/p>\n<!-- AddThis Advanced Settings generic via filter on the_content --><!-- AddThis Share Buttons generic via filter on the_content -->","protected":false},"excerpt":{"rendered":"<p>El grupo motero MG Asmodeus Extremadura, afincado en C\u00e1ceres capital, celebrar\u00e1 su primer aniversario y que mejor forma que realizando un evento solidario. Han preparado una gala musical a favor de Iker, el 12 de noviembre. El fin de la gala musical es recaudar fondos que costeen el tratamiento de Iker, un peque\u00f1o con displasia [&hellip;]<!-- AddThis Advanced Settings generic via filter on get_the_excerpt --><!-- AddThis Share Buttons generic via filter on get_the_excerpt --><\/p>\n","protected":false},"author":49,"featured_media":2032,"comment_status":"open","ping_status":"closed","sticky":false,"template":"","format":"standard","meta":[],"categories":[13],"tags":[425,595,620,622,787],"_links":{"self":[{"href":"https:\/\/blogs.hoy.es\/moterosdehoy\/wp-json\/wp\/v2\/posts\/2031"}],"collection":[{"href":"https:\/\/blogs.hoy.es\/moterosdehoy\/wp-json\/wp\/v2\/posts"}],"about":[{"href":"https:\/\/blogs.hoy.es\/moterosdehoy\/wp-json\/wp\/v2\/types\/post"}],"author":[{"embeddable":true,"href":"https:\/\/blogs.hoy.es\/moterosdehoy\/wp-json\/wp\/v2\/users\/49"}],"replies":[{"embeddable":true,"href":"https:\/\/blogs.hoy.es\/moterosdehoy\/wp-json\/wp\/v2\/comments?post=2031"}],"version-history":[{"count":0,"href":"https:\/\/blogs.hoy.es\/moterosdehoy\/wp-json\/wp\/v2\/posts\/2031\/revisions"}],"wp:featuredmedia":[{"embeddable":true,"href":"https:\/\/blogs.hoy.es\/moterosdehoy\/wp-json\/wp\/v2\/media\/2032"}],"wp:attachment":[{"href":"https:\/\/blogs.hoy.es\/moterosdehoy\/wp-json\/wp\/v2\/media?parent=2031"}],"wp:term":[{"taxonomy":"category","embeddable":true,"href":"https:\/\/blogs.hoy.es\/moterosdehoy\/wp-json\/wp\/v2\/categories?post=2031"},{"taxonomy":"post_tag","embeddable":true,"href":"https:\/\/blogs.hoy.es\/moterosdehoy\/wp-json\/wp\/v2\/tags?post=2031"}],"curies":[{"name":"wp","href":"https:\/\/api.w.org\/{rel}","templated":true}]}}