{"id":2036,"date":"2016-12-06T21:38:20","date_gmt":"2016-12-06T21:38:20","guid":{"rendered":"http:\/\/blogs.hoy.es\/moterosdehoy\/?p=2036"},"modified":"2016-12-06T21:38:20","modified_gmt":"2016-12-06T21:38:20","slug":"ruta-de-las-luces-en-badajoz","status":"publish","type":"post","link":"https:\/\/blogs.hoy.es\/moterosdehoy\/2016\/12\/06\/ruta-de-las-luces-en-badajoz\/","title":{"rendered":"Ruta de las luces en Badajoz"},"content":{"rendered":"<p>Estamos en una semana extra\u00f1a, muchas fiestas, con ello muchas personas se han marchado pero otros seguimos por aqu\u00ed y queremos disfrutar de nuestra ciudad.<\/p>\n<p><a href=\"\/moterosdehoy\/wp-content\/uploads\/sites\/45\/2016\/12\/Ruta-de-las-luces.jpg\"><img loading=\"lazy\" class=\"alignleft size-medium wp-image-2037\" title=\"Ruta de las luces\" src=\"\/moterosdehoy\/wp-content\/uploads\/sites\/45\/2016\/12\/Ruta-de-las-luces.jpg\" alt=\"\" width=\"212\" height=\"300\" srcset=\"https:\/\/static-blogs.hoy.es\/wp-content\/uploads\/sites\/45\/2016\/12\/Ruta-de-las-luces.jpg 3508w, https:\/\/static-blogs.hoy.es\/wp-content\/uploads\/sites\/45\/2016\/12\/Ruta-de-las-luces-212x300.jpg 212w, https:\/\/static-blogs.hoy.es\/wp-content\/uploads\/sites\/45\/2016\/12\/Ruta-de-las-luces-768x1086.jpg 768w, https:\/\/static-blogs.hoy.es\/wp-content\/uploads\/sites\/45\/2016\/12\/Ruta-de-las-luces-724x1024.jpg 724w\" sizes=\"(max-width: 212px) 100vw, 212px\" \/><\/a>Badajoz ya tiene encendido el alumbrado navide\u00f1o y hemos pensado en salir \u00a0a verlo, claro est\u00e1 con nuestras motos. Por ello hemos organizado una ruta para el<strong> jueves d\u00eda 8 de diciembre<\/strong>, en la que recorreremos algunas calles y plazas, tomaremos alg\u00fan chocolate caliente, comeremos algunas casta\u00f1as asadas, haremos fotos, que luego servir\u00e1n para hacer rabiar a los amigos que no est\u00e9n y por supuesto lo pasaremos en grande.<\/p>\n<p>El punto de reuni\u00f3n ser\u00e1 nuestro Club a las 19:00 horas.<\/p>\n<p>Por hacer la ruta algo m\u00e1s navide\u00f1a llevaremos un gorro de Pap\u00e1 Noel sobre el casco.<\/p>\n<p>Con las fotos que realicemos durante la ruta se realizar\u00e1 un v\u00eddeo para felicitar las fiestas, si quieres ser part\u00edcipe no lo dudes y acude a la ruta.<\/p>\n<p>Saludos y r\u00e1fagas.<\/p>\n<!-- AddThis Advanced Settings generic via filter on the_content --><!-- AddThis Share Buttons generic via filter on the_content -->","protected":false},"excerpt":{"rendered":"<p>Estamos en una semana extra\u00f1a, muchas fiestas, con ello muchas personas se han marchado pero otros seguimos por aqu\u00ed y queremos disfrutar de nuestra ciudad. Badajoz ya tiene encendido el alumbrado navide\u00f1o y hemos pensado en salir \u00a0a verlo, claro est\u00e1 con nuestras motos. Por ello hemos organizado una ruta para el jueves d\u00eda 8 [&hellip;]<!-- AddThis Advanced Settings generic via filter on get_the_excerpt --><!-- AddThis Share Buttons generic via filter on get_the_excerpt --><\/p>\n","protected":false},"author":49,"featured_media":0,"comment_status":"open","ping_status":"closed","sticky":false,"template":"","format":"standard","meta":[],"categories":[9,13],"tags":[622,633,858,859],"_links":{"self":[{"href":"https:\/\/blogs.hoy.es\/moterosdehoy\/wp-json\/wp\/v2\/posts\/2036"}],"collection":[{"href":"https:\/\/blogs.hoy.es\/moterosdehoy\/wp-json\/wp\/v2\/posts"}],"about":[{"href":"https:\/\/blogs.hoy.es\/moterosdehoy\/wp-json\/wp\/v2\/types\/post"}],"author":[{"embeddable":true,"href":"https:\/\/blogs.hoy.es\/moterosdehoy\/wp-json\/wp\/v2\/users\/49"}],"replies":[{"embeddable":true,"href":"https:\/\/blogs.hoy.es\/moterosdehoy\/wp-json\/wp\/v2\/comments?post=2036"}],"version-history":[{"count":0,"href":"https:\/\/blogs.hoy.es\/moterosdehoy\/wp-json\/wp\/v2\/posts\/2036\/revisions"}],"wp:attachment":[{"href":"https:\/\/blogs.hoy.es\/moterosdehoy\/wp-json\/wp\/v2\/media?parent=2036"}],"wp:term":[{"taxonomy":"category","embeddable":true,"href":"https:\/\/blogs.hoy.es\/moterosdehoy\/wp-json\/wp\/v2\/categories?post=2036"},{"taxonomy":"post_tag","embeddable":true,"href":"https:\/\/blogs.hoy.es\/moterosdehoy\/wp-json\/wp\/v2\/tags?post=2036"}],"curies":[{"name":"wp","href":"https:\/\/api.w.org\/{rel}","templated":true}]}}