{"id":2040,"date":"2016-12-09T23:04:55","date_gmt":"2016-12-09T23:04:55","guid":{"rendered":"http:\/\/blogs.hoy.es\/moterosdehoy\/?p=2040"},"modified":"2016-12-09T23:04:55","modified_gmt":"2016-12-09T23:04:55","slug":"ii-ruta-motera-de-las-antorchas","status":"publish","type":"post","link":"https:\/\/blogs.hoy.es\/moterosdehoy\/2016\/12\/09\/ii-ruta-motera-de-las-antorchas\/","title":{"rendered":"II Ruta motera de las antorchas"},"content":{"rendered":"<p>Para el <strong>s\u00e1bado 10 de diciembre<\/strong> tenemos la &#8220;II Ruta Motera de las Antorchas&#8221;.<\/p>\n<p><a href=\"\/moterosdehoy\/wp-content\/uploads\/sites\/45\/2016\/12\/12-2016-Trujillo.jpg\"><img loading=\"lazy\" class=\"alignleft size-medium wp-image-2041\" title=\"12-2016 Trujillo\" src=\"\/moterosdehoy\/wp-content\/uploads\/sites\/45\/2016\/12\/12-2016-Trujillo.jpg\" alt=\"\" width=\"214\" height=\"300\" srcset=\"https:\/\/static-blogs.hoy.es\/wp-content\/uploads\/sites\/45\/2016\/12\/12-2016-Trujillo.jpg 685w, https:\/\/static-blogs.hoy.es\/wp-content\/uploads\/sites\/45\/2016\/12\/12-2016-Trujillo-214x300.jpg 214w\" sizes=\"(max-width: 214px) 100vw, 214px\" \/><\/a>Como en la edici\u00f3n anterior tendr\u00e1 lugar en <strong><a title=\"Turismo en Trujillo\" href=\"http:\/\/www.turismotrujillo.com\/\" target=\"_blank\" rel=\"external nofollow\">Trujillo<\/a><\/strong> (C\u00e1ceres), con el punto de reuni\u00f3n a las 18 horas, en el Bar Anticuario, all\u00ed puedes inscribirte y por 5 euros tendr\u00e1s un caf\u00e9, una antorcha y un pincho en el bar bocaito.<\/p>\n<p>Se realizar\u00e1 una ruta de unos 60 kil\u00f3metros, en la que se partir\u00e1 de Trujillo, se pasar\u00e1 por Bel\u00e9n, Torrecillas de la Tiesa, Aldea del Obispo y paseo por el casco hist\u00f3rico de Trujillo.<\/p>\n<p>Una buena ruta, aunque ser\u00e1 fresquita, pues cuando se va el sol ya las temperaturas bajan mucho, as\u00ed que abrigate bien y en marcha a una ruta diferente.<\/p>\n<p>Saludos y r\u00e1fagas.<\/p>\n<p>&nbsp;<\/p>\n<!-- AddThis Advanced Settings generic via filter on the_content --><!-- AddThis Share Buttons generic via filter on the_content -->","protected":false},"excerpt":{"rendered":"<p>Para el s\u00e1bado 10 de diciembre tenemos la &#8220;II Ruta Motera de las Antorchas&#8221;. Como en la edici\u00f3n anterior tendr\u00e1 lugar en Trujillo (C\u00e1ceres), con el punto de reuni\u00f3n a las 18 horas, en el Bar Anticuario, all\u00ed puedes inscribirte y por 5 euros tendr\u00e1s un caf\u00e9, una antorcha y un pincho en el bar [&hellip;]<!-- AddThis Advanced Settings generic via filter on get_the_excerpt --><!-- AddThis Share Buttons generic via filter on get_the_excerpt --><\/p>\n","protected":false},"author":49,"featured_media":0,"comment_status":"open","ping_status":"closed","sticky":false,"template":"","format":"standard","meta":[],"categories":[13],"tags":[60,61,622,715,857],"_links":{"self":[{"href":"https:\/\/blogs.hoy.es\/moterosdehoy\/wp-json\/wp\/v2\/posts\/2040"}],"collection":[{"href":"https:\/\/blogs.hoy.es\/moterosdehoy\/wp-json\/wp\/v2\/posts"}],"about":[{"href":"https:\/\/blogs.hoy.es\/moterosdehoy\/wp-json\/wp\/v2\/types\/post"}],"author":[{"embeddable":true,"href":"https:\/\/blogs.hoy.es\/moterosdehoy\/wp-json\/wp\/v2\/users\/49"}],"replies":[{"embeddable":true,"href":"https:\/\/blogs.hoy.es\/moterosdehoy\/wp-json\/wp\/v2\/comments?post=2040"}],"version-history":[{"count":0,"href":"https:\/\/blogs.hoy.es\/moterosdehoy\/wp-json\/wp\/v2\/posts\/2040\/revisions"}],"wp:attachment":[{"href":"https:\/\/blogs.hoy.es\/moterosdehoy\/wp-json\/wp\/v2\/media?parent=2040"}],"wp:term":[{"taxonomy":"category","embeddable":true,"href":"https:\/\/blogs.hoy.es\/moterosdehoy\/wp-json\/wp\/v2\/categories?post=2040"},{"taxonomy":"post_tag","embeddable":true,"href":"https:\/\/blogs.hoy.es\/moterosdehoy\/wp-json\/wp\/v2\/tags?post=2040"}],"curies":[{"name":"wp","href":"https:\/\/api.w.org\/{rel}","templated":true}]}}