{"id":2043,"date":"2016-12-14T09:39:30","date_gmt":"2016-12-14T09:39:30","guid":{"rendered":"http:\/\/blogs.hoy.es\/moterosdehoy\/?p=2043"},"modified":"2016-12-14T09:39:30","modified_gmt":"2016-12-14T09:39:30","slug":"ix-concentracion-solidaria-de-coches-y-motos-clasicos-y-v-dia-del-guardia-ciudad-de-badajoz","status":"publish","type":"post","link":"https:\/\/blogs.hoy.es\/moterosdehoy\/2016\/12\/14\/ix-concentracion-solidaria-de-coches-y-motos-clasicos-y-v-dia-del-guardia-ciudad-de-badajoz\/","title":{"rendered":"IX Concentraci\u00f3n Solidaria de coches y motos clasicos y V d\u00eda del Guardia Ciudad de Badajoz"},"content":{"rendered":"<p>Tras un t\u00edtulo algo largo pero muy aclaratorio, se nos presenta la novena edici\u00f3n de una concentraci\u00f3n con trasfondo solidario, en el que se ven part\u00edcipes veh\u00edculos cl\u00e1sicos, tanto coches, como motocicletas, y que a su vez por quinta vez consecutiva celebra el d\u00eda del Guardia Municipal de Badajoz.<\/p>\n<p><a href=\"\/moterosdehoy\/wp-content\/uploads\/sites\/45\/2016\/12\/2016-12-Badajoz.jpeg\"><img loading=\"lazy\" class=\"alignleft size-medium wp-image-2044\" title=\"2016-12 Badajoz\" src=\"\/moterosdehoy\/wp-content\/uploads\/sites\/45\/2016\/12\/2016-12-Badajoz.jpg\" alt=\"\" width=\"300\" height=\"213\" \/><\/a>Programa IX Concentraci\u00f3n solidaria de\u00a0coches\u00a0y motos\u00a0cl\u00e1sicas\u00a0Ciudad de\u00a0Badajoz, el d\u00eda 18 de diciembre 2016.<\/p>\n<p>El punto de encuentro ser\u00e1 de 09:30 a 11 horas, en <a title=\"G\u00e9vora en wikpedia\" href=\"https:\/\/es.wikipedia.org\/wiki\/G%C3%A9vora_(Badajoz)\" target=\"_blank\" rel=\"external nofollow\">G\u00e9vora<\/a> (Badajoz). <!--more-->Se har\u00e1 la recepci\u00f3n de\u00a0coches, motos.. y el desayuno ser\u00e1 por cortes\u00eda del Catering Come y Calla.<\/p>\n<p>A las 11 comenzar\u00e1 la ruta hacia\u00a0Badajoz\u00a0pasando por el m\u00e1s conocido puente de los cabezones direcci\u00f3n San Roque &#8211; Puerta pilar. Subir\u00e1n a la Plaza San Jos\u00e9 y plaza alta, donde habr\u00e1 una parada -picoteo.<\/p>\n<p>Tras ese picoteo continuar\u00e1n la ruta por el paseo Fluvial\u00a0llegando al edificio siglo XXI ( m\u00e1s conocido como el de caja\u00a0Badajoz) donde estar\u00e1 el famoso guardia recogiendo los alimentos no perecederos y cada uno se har\u00e1 su foto.<\/p>\n<p>En el edificio, tendr\u00e1n la comida, entrega de trofeos y sorteo de muchos regalos.<\/p>\n<div>\n<p>Los alimentos ir\u00e1n destinados al Banco de Alimentos de\u00a0Badajoz\u00a0y el dinero al comedor social San Vicente de Paul situado en la plaza de la Soledad.<\/p>\n<p>Os adjunto <a title=\"Inscripci\u00f3n\" href=\"https:\/\/docs.google.com\/forms\/d\/1qsZRDyNtLqBT32E4vr7grajdiqq_CQgSzarLMpb7DjU\/viewform?edit_requested=true\" target=\"_blank\">enlace para inscribirse<\/a>. Al final de introducir los datos sale una imagen con el n\u00famero de cuenta.<\/p>\n<p>La inscripci\u00f3n es de 10 euros para veh\u00edculo y 5 para el acompa\u00f1ante, adem\u00e1s de 2 kilos de alimentos no perecederos. No lo dudes y acude a pasar un buen rato, adem\u00e1s te deleitar\u00e1s con modelos antiguos que algunos de ellos parecen estar mejor que reci\u00e9n salidos del horno.<\/p>\n<p>Saludos y r\u00e1fagas.<\/p>\n<\/div>\n<!-- AddThis Advanced Settings generic via filter on the_content --><!-- AddThis Share Buttons generic via filter on the_content -->","protected":false},"excerpt":{"rendered":"<p>Tras un t\u00edtulo algo largo pero muy aclaratorio, se nos presenta la novena edici\u00f3n de una concentraci\u00f3n con trasfondo solidario, en el que se ven part\u00edcipes veh\u00edculos cl\u00e1sicos, tanto coches, como motocicletas, y que a su vez por quinta vez consecutiva celebra el d\u00eda del Guardia Municipal de Badajoz. Programa IX Concentraci\u00f3n solidaria de\u00a0coches\u00a0y motos\u00a0cl\u00e1sicas\u00a0Ciudad [&hellip;]<!-- AddThis Advanced Settings generic via filter on get_the_excerpt --><!-- AddThis Share Buttons generic via filter on get_the_excerpt --><\/p>\n","protected":false},"author":49,"featured_media":0,"comment_status":"open","ping_status":"closed","sticky":false,"template":"","format":"standard","meta":[],"categories":[9,13],"tags":[180,522,622,684,969],"_links":{"self":[{"href":"https:\/\/blogs.hoy.es\/moterosdehoy\/wp-json\/wp\/v2\/posts\/2043"}],"collection":[{"href":"https:\/\/blogs.hoy.es\/moterosdehoy\/wp-json\/wp\/v2\/posts"}],"about":[{"href":"https:\/\/blogs.hoy.es\/moterosdehoy\/wp-json\/wp\/v2\/types\/post"}],"author":[{"embeddable":true,"href":"https:\/\/blogs.hoy.es\/moterosdehoy\/wp-json\/wp\/v2\/users\/49"}],"replies":[{"embeddable":true,"href":"https:\/\/blogs.hoy.es\/moterosdehoy\/wp-json\/wp\/v2\/comments?post=2043"}],"version-history":[{"count":0,"href":"https:\/\/blogs.hoy.es\/moterosdehoy\/wp-json\/wp\/v2\/posts\/2043\/revisions"}],"wp:attachment":[{"href":"https:\/\/blogs.hoy.es\/moterosdehoy\/wp-json\/wp\/v2\/media?parent=2043"}],"wp:term":[{"taxonomy":"category","embeddable":true,"href":"https:\/\/blogs.hoy.es\/moterosdehoy\/wp-json\/wp\/v2\/categories?post=2043"},{"taxonomy":"post_tag","embeddable":true,"href":"https:\/\/blogs.hoy.es\/moterosdehoy\/wp-json\/wp\/v2\/tags?post=2043"}],"curies":[{"name":"wp","href":"https:\/\/api.w.org\/{rel}","templated":true}]}}