{"id":2049,"date":"2016-12-24T10:36:06","date_gmt":"2016-12-24T10:36:06","guid":{"rendered":"http:\/\/blogs.hoy.es\/moterosdehoy\/?p=2049"},"modified":"2016-12-24T10:36:06","modified_gmt":"2016-12-24T10:36:06","slug":"felices-fiestas","status":"publish","type":"post","link":"https:\/\/blogs.hoy.es\/moterosdehoy\/2016\/12\/24\/felices-fiestas\/","title":{"rendered":"Felices Fiestas"},"content":{"rendered":"<p>&#8220;Hoy es nochebuena y ma\u00f1ana Navidad, saca la bota Mar\u00eda que me voy a emborrachar&#8221;&#8230; Pues s\u00ed, y no.<\/p>\n<p><a href=\"\/moterosdehoy\/wp-content\/uploads\/sites\/45\/2016\/12\/feliz-navidad.jpg\"><img loading=\"lazy\" class=\"alignleft size-medium wp-image-2050\" title=\"feliz-navidad\" src=\"\/moterosdehoy\/wp-content\/uploads\/sites\/45\/2016\/12\/feliz-navidad.jpg\" alt=\"\" width=\"300\" height=\"187\" srcset=\"https:\/\/static-blogs.hoy.es\/wp-content\/uploads\/sites\/45\/2016\/12\/feliz-navidad.jpg 1920w, https:\/\/static-blogs.hoy.es\/wp-content\/uploads\/sites\/45\/2016\/12\/feliz-navidad-300x188.jpg 300w, https:\/\/static-blogs.hoy.es\/wp-content\/uploads\/sites\/45\/2016\/12\/feliz-navidad-768x480.jpg 768w, https:\/\/static-blogs.hoy.es\/wp-content\/uploads\/sites\/45\/2016\/12\/feliz-navidad-1024x640.jpg 1024w\" sizes=\"(max-width: 300px) 100vw, 300px\" \/><\/a>Nos encontramos en fechas en las que hay muchas comidas, cenas, fiestas, copas&#8230; reuniones de amigos y familia, aprovechamos para recordar seres queridos que por una causa u otra no nos pueden acompa\u00f1ar.<\/p>\n<p>L@s Moter@s en cierta medida tambi\u00e9n somos una gran familia. <!--more-->Cuando nos cruzamos en carretera nos saludamos, cuando uno tiene un problema lo ayudamos, y como en una gran familia recordamos a los que no pueden compartir un rato con nosotros.<\/p>\n<p>Llevo rodeado de motos desde que ten\u00eda catorce a\u00f1os, hoy con treinta y dos a\u00f1os m\u00e1s, tengo amig@s moter@s por todo el mundo. Digo amig@s moter@s porque son tan buenos compa\u00f1eros en la carretera tanto ellos como ellas. A pesar de seguir siendo un mundo muy sexista, por las carreras, por los clubes&#8230; A unos les gusta como est\u00e1, a otros no, evidentemente tiene que haber opiniones para todos los gustos. Desde mi punto de vista somos todos iguales, y por ello cuando decid\u00ed configurar un Club de motos lo realic\u00e9 en igualdad de condiciones, para ellos y ellas, s\u00f3lo cambia una cosa en el Club, ser conductor de motocicleta o ir de acompa\u00f1ante, aunque se puede tener hasta m\u00e1s pasi\u00f3n siendo acompa\u00f1ante que conductor, cada cual debe de encontrar su lugar y encontrarse c\u00f3modo.<\/p>\n<p>Desde \u00e9stas palabras os animo a que sigamos siendo esa gran familia, que nos apoyemos, rodemos juntos, nos riamos, comamos, bebemos, pero como dec\u00eda al principio, s\u00ed y no, recuerda que al a\u00f1o que viene tenemos que seguir ri\u00e9ndonos juntos o en la distancia, no sabemos si tendremos moto donde vayamos luego, vamos a seguir disfrutando de nuestra pasi\u00f3n. Especialmente en \u00e9stos d\u00edas, acu\u00e9rdate de lo que dec\u00eda <a title=\"Stevie Wonder en wikipedia\" href=\"https:\/\/es.wikipedia.org\/wiki\/Stevie_Wonder\" target=\"_blank\" rel=\"external nofollow\">Stevie Wonder<\/a>, &#8220;<a title=\"V\u00eddeo musical de Stevie Wonder\" href=\"https:\/\/www.youtube.com\/watch?v=C5h7dqwnmuM\" target=\"_blank\" rel=\"external nofollow\">si bebes no conduzcas<\/a>&#8221; y si hay que tener un accidente &#8220;al menos&#8221; que no sea por nuestra culpa.<\/p>\n<p style=\"text-align: center;\"><strong>Feliz Navidad y Pr\u00f3spero a\u00f1o 2017<\/strong><\/p>\n<p>Os dejo un v\u00eddeo de <a title=\"Felicitaci\u00f3n de Navidad del Custom Club Moteros de Hoy\" href=\"https:\/\/www.youtube.com\/watch?v=zgsl7DY7hgo\" target=\"_blank\" rel=\"external nofollow\">felicitaci\u00f3n navide\u00f1a<\/a> que hemos realizado desde el Club, con la \u00fanica idea de felicitaros las fiestas.<\/p>\n<p>Saludos y r\u00e1fagas.<\/p>\n<!-- AddThis Advanced Settings generic via filter on the_content --><!-- AddThis Share Buttons generic via filter on the_content -->","protected":false},"excerpt":{"rendered":"<p>&#8220;Hoy es nochebuena y ma\u00f1ana Navidad, saca la bota Mar\u00eda que me voy a emborrachar&#8221;&#8230; Pues s\u00ed, y no. Nos encontramos en fechas en las que hay muchas comidas, cenas, fiestas, copas&#8230; reuniones de amigos y familia, aprovechamos para recordar seres queridos que por una causa u otra no nos pueden acompa\u00f1ar. L@s Moter@s en [&hellip;]<!-- AddThis Advanced Settings generic via filter on get_the_excerpt --><!-- AddThis Share Buttons generic via filter on get_the_excerpt --><\/p>\n","protected":false},"author":49,"featured_media":0,"comment_status":"open","ping_status":"closed","sticky":false,"template":"","format":"standard","meta":[],"categories":[9,13],"tags":[328,399,622,801],"_links":{"self":[{"href":"https:\/\/blogs.hoy.es\/moterosdehoy\/wp-json\/wp\/v2\/posts\/2049"}],"collection":[{"href":"https:\/\/blogs.hoy.es\/moterosdehoy\/wp-json\/wp\/v2\/posts"}],"about":[{"href":"https:\/\/blogs.hoy.es\/moterosdehoy\/wp-json\/wp\/v2\/types\/post"}],"author":[{"embeddable":true,"href":"https:\/\/blogs.hoy.es\/moterosdehoy\/wp-json\/wp\/v2\/users\/49"}],"replies":[{"embeddable":true,"href":"https:\/\/blogs.hoy.es\/moterosdehoy\/wp-json\/wp\/v2\/comments?post=2049"}],"version-history":[{"count":0,"href":"https:\/\/blogs.hoy.es\/moterosdehoy\/wp-json\/wp\/v2\/posts\/2049\/revisions"}],"wp:attachment":[{"href":"https:\/\/blogs.hoy.es\/moterosdehoy\/wp-json\/wp\/v2\/media?parent=2049"}],"wp:term":[{"taxonomy":"category","embeddable":true,"href":"https:\/\/blogs.hoy.es\/moterosdehoy\/wp-json\/wp\/v2\/categories?post=2049"},{"taxonomy":"post_tag","embeddable":true,"href":"https:\/\/blogs.hoy.es\/moterosdehoy\/wp-json\/wp\/v2\/tags?post=2049"}],"curies":[{"name":"wp","href":"https:\/\/api.w.org\/{rel}","templated":true}]}}