{"id":2053,"date":"2017-01-05T19:17:19","date_gmt":"2017-01-05T19:17:19","guid":{"rendered":"http:\/\/blogs.hoy.es\/moterosdehoy\/?p=2053"},"modified":"2017-01-05T19:17:19","modified_gmt":"2017-01-05T19:17:19","slug":"gincana-en-sinforiano-madronero","status":"publish","type":"post","link":"https:\/\/blogs.hoy.es\/moterosdehoy\/2017\/01\/05\/gincana-en-sinforiano-madronero\/","title":{"rendered":"Gincana en Sinforiano Madro\u00f1ero"},"content":{"rendered":"<p>Los que me sol\u00e9is leer sab\u00e9is que no suelo meterme con nadie, pero \u00e9sto ya clama el cielo.<\/p>\n<p>No s\u00e9 cuantos mensajes de queja me han llegado, el \u00faltimo \u00e9sta ma\u00f1ana indicando: \u00a0<em>&#8220;&#8230; no soy de Badajoz, y me acerqu\u00e9 para realizar compras de Reyes. Al pasar por la Av. Sinforiano Madro\u00f1ero, en Badajoz, vi que hab\u00eda un nuevo cambio en los carriles de la avenida, <!--more-->ahora donde hab\u00eda dos hay tres, y me encuentro dando un coche marcha atr\u00e1s, al salir del carril derecho para que no me golpeara, me vi obligado a pasar por encima de unos resaltes que casi me ca\u00ed de la moto. Pero lo mejor fue cuando al pasar al lado del primer coche que estaba dando marcha atr\u00e1s, me fij\u00e9 que ten\u00eda que hacer eso para poder aparcar. Dios mio &#8230; &#8220;<\/em> luego ven\u00eda una serie de insultos que no vienen al caso.<\/p>\n<p>Desde hace meses en dicha avenida se vienen produciendo repetidos cambios de se\u00f1alizaci\u00f3n, de carriles, de saltos, de todo, en principio pens\u00e9 que alg\u00fan concejal o encargado del tr\u00e1fico de la ciudad vivir\u00eda en la zona, y al asomarse desde la ventana cada d\u00eda se levantaba con una idea nueva, y esa idea, tras varias semanas la llevaba a los operarios, para cortar la avenida y hacer las reformas.<\/p>\n<p>Luego pens\u00e9 que eso era absurdo, y que tendr\u00eda m\u00e1s l\u00f3gica que la persona encargada de autorizar las obras, tendr\u00e1 alg\u00fan familiar o amigo que tenga una empresa de obras o se\u00f1alizaci\u00f3n, y hay que darle trabajo.<\/p>\n<p>Tambi\u00e9n es absurdo. Pero es m\u00e1s absurdo a\u00fan pensar en que tenemos una avenida en la que se pueden apreciar hasta siete lineas de carriles, algunas pintadas de negro encima para ocultarlas y otras que dan igual, ya las gastar\u00e1n los veh\u00edculos al rodar sobre ellas, sin contar unos resaltes totalmente en contra de la ley, y que en el momento que haya un accidente y el usuario afectado lo denuncie como un obst\u00e1culo en la v\u00eda, tendr\u00e1n que retirarlos.<\/p>\n<p>Sin contar que al finalizar la avenida en la rotonda de acceso al Puente Real, hay cuatro carriles. \u00bfQui\u00e9n tiene preferencia al llegar cuatro carriles con ceda el paso, para acceder a uno? \u00bfEl carril bus, taxi y moto, que est\u00e1 a la derecha, o la ley del primero que acelere?<\/p>\n<p>Y lo mejor de todo, que coincidan varios autobuses o camiones circulando a la misma altura, pues no est\u00e1 prohibido, y como lo hacen, si no caben, los carriles son muy estrechos.<\/p>\n<p>Por seguir dando toques de atenci\u00f3n, los aparcamientos de motocicletas no son para estacionar de frente, se aparca con el manillar hacia la calzada, pues si es una motocicleta de peso necesitar\u00e1s ayuda para dar marcha atr\u00e1s, y los coches aparcan de frente, a la hora de salir tienen que extremar precauciones e incorporarse a la circulaci\u00f3n cuando no est\u00e9 ocupado el carril que trata de ocupar. Pues ambos est\u00e1n al contrario, los coches estacionan dando marcha atr\u00e1s, y las motocicletas de frente.<\/p>\n<p>Esperemos que los Reyes Magos nos traigan algo de cordura, se quiten todos esos obst\u00e1culos innecesarios, y se restablezcan los carriles como estaban en un principio.<\/p>\n<p>Saludos y r\u00e1fagas.<\/p>\n<!-- AddThis Advanced Settings generic via filter on the_content --><!-- AddThis Share Buttons generic via filter on the_content -->","protected":false},"excerpt":{"rendered":"<p>Los que me sol\u00e9is leer sab\u00e9is que no suelo meterme con nadie, pero \u00e9sto ya clama el cielo. No s\u00e9 cuantos mensajes de queja me han llegado, el \u00faltimo \u00e9sta ma\u00f1ana indicando: \u00a0&#8220;&#8230; no soy de Badajoz, y me acerqu\u00e9 para realizar compras de Reyes. Al pasar por la Av. Sinforiano Madro\u00f1ero, en Badajoz, vi [&hellip;]<!-- AddThis Advanced Settings generic via filter on get_the_excerpt --><!-- AddThis Share Buttons generic via filter on get_the_excerpt --><\/p>\n","protected":false},"author":49,"featured_media":0,"comment_status":"open","ping_status":"closed","sticky":false,"template":"","format":"standard","meta":[],"categories":[9,13],"tags":[139,426,622],"_links":{"self":[{"href":"https:\/\/blogs.hoy.es\/moterosdehoy\/wp-json\/wp\/v2\/posts\/2053"}],"collection":[{"href":"https:\/\/blogs.hoy.es\/moterosdehoy\/wp-json\/wp\/v2\/posts"}],"about":[{"href":"https:\/\/blogs.hoy.es\/moterosdehoy\/wp-json\/wp\/v2\/types\/post"}],"author":[{"embeddable":true,"href":"https:\/\/blogs.hoy.es\/moterosdehoy\/wp-json\/wp\/v2\/users\/49"}],"replies":[{"embeddable":true,"href":"https:\/\/blogs.hoy.es\/moterosdehoy\/wp-json\/wp\/v2\/comments?post=2053"}],"version-history":[{"count":0,"href":"https:\/\/blogs.hoy.es\/moterosdehoy\/wp-json\/wp\/v2\/posts\/2053\/revisions"}],"wp:attachment":[{"href":"https:\/\/blogs.hoy.es\/moterosdehoy\/wp-json\/wp\/v2\/media?parent=2053"}],"wp:term":[{"taxonomy":"category","embeddable":true,"href":"https:\/\/blogs.hoy.es\/moterosdehoy\/wp-json\/wp\/v2\/categories?post=2053"},{"taxonomy":"post_tag","embeddable":true,"href":"https:\/\/blogs.hoy.es\/moterosdehoy\/wp-json\/wp\/v2\/tags?post=2053"}],"curies":[{"name":"wp","href":"https:\/\/api.w.org\/{rel}","templated":true}]}}