{"id":2057,"date":"2017-01-09T20:25:55","date_gmt":"2017-01-09T20:25:55","guid":{"rendered":"http:\/\/blogs.hoy.es\/moterosdehoy\/?p=2057"},"modified":"2017-01-09T20:25:55","modified_gmt":"2017-01-09T20:25:55","slug":"mercadillomoterobadajoz","status":"publish","type":"post","link":"https:\/\/blogs.hoy.es\/moterosdehoy\/2017\/01\/09\/mercadillomoterobadajoz\/","title":{"rendered":"Mercadillo motero en Badajoz"},"content":{"rendered":"<p>La comunidad motera es grande y cada vez est\u00e1 m\u00e1s unida, que mejor forma de seguir en contacto que entablar un mercadillo motero.<\/p>\n<p><a href=\"\/moterosdehoy\/wp-content\/uploads\/sites\/45\/2017\/01\/Mercadillo-motero.jpg\"><img loading=\"lazy\" class=\"alignleft size-medium wp-image-2056\" title=\"Mercadillo motero\" src=\"\/moterosdehoy\/wp-content\/uploads\/sites\/45\/2017\/01\/Mercadillo-motero.jpg\" alt=\"\" width=\"212\" height=\"300\" srcset=\"https:\/\/static-blogs.hoy.es\/wp-content\/uploads\/sites\/45\/2017\/01\/Mercadillo-motero.jpg 3508w, https:\/\/static-blogs.hoy.es\/wp-content\/uploads\/sites\/45\/2017\/01\/Mercadillo-motero-212x300.jpg 212w, https:\/\/static-blogs.hoy.es\/wp-content\/uploads\/sites\/45\/2017\/01\/Mercadillo-motero-768x1086.jpg 768w, https:\/\/static-blogs.hoy.es\/wp-content\/uploads\/sites\/45\/2017\/01\/Mercadillo-motero-724x1024.jpg 724w\" sizes=\"(max-width: 212px) 100vw, 212px\" \/><\/a>Moteros de Hoy se organiz\u00f3 como Club hace ya cuatro a\u00f1os, y desde que estamos como Custom Club con sede no paramos de hacer eventos e ingeniar cualquier cosa para pasar un rato, a partir de ahora se realizar\u00e1 un mercadillo motero todos los meses, la idea es que sea el primer fin de semana del mes, un mes en s\u00e1bado, otro en domingo, para que todos est\u00e9n contentos. <!--more-->Comenzamos con el segundo fin de semana por dejar libre el tema de fiestas navide\u00f1as, por lo que el primer d\u00eda ser\u00e1 el domingo d\u00eda 15 de enero, y tendr\u00e1 lugar en nuestra sede. C\/ Nueva Creaci\u00f3n s\/n, Badajoz 06006, En el Complejo el Tranv\u00eda, del Pol\u00edgono El Nevero, Badajoz.<\/p>\n<p>La idea es que cualquier persona que quiera vender algo referente a las motos o los moteros pueda tener un lugar donde mostrarlo. Si no quieres vender nada pero si comprar o mirar, acude tambi\u00e9n, seguro que encuentras algo que te guste. Desde una pulsera para ti, una cazadora motera&#8230; o incluso una moto.<\/p>\n<p>A las 13:00 horas tendremos algo de picoteo, para estar entretenidos, consistente en &#8220;Huevos con chorizo y pan&#8221; por UN euro.<\/p>\n<p>Para poder colocar al personal que quiera asistir para vender algo, y con el fin de gestionar el espacio existente, es recomendable contactar con nosotros antes del evento, de lo contrario te puedes encontrar sin sitio, recuerda que es un local privado. Tienes disponible el mail info@moterosdehoy.es \/ moterosdehoy@gmail.com y el telf 670 878 412 (se atiende whatsapp) Pensar en llevar alguna mesa o stand donde poner las cosas, de lo contrario llevar una manta o algo para ponerlo en el suelo.<\/p>\n<p>Te esperamos.<\/p>\n<p>Saludos y r\u00e1fagas.<\/p>\n<!-- AddThis Advanced Settings generic via filter on the_content --><!-- AddThis Share Buttons generic via filter on the_content -->","protected":false},"excerpt":{"rendered":"<p>La comunidad motera es grande y cada vez est\u00e1 m\u00e1s unida, que mejor forma de seguir en contacto que entablar un mercadillo motero. Moteros de Hoy se organiz\u00f3 como Club hace ya cuatro a\u00f1os, y desde que estamos como Custom Club con sede no paramos de hacer eventos e ingeniar cualquier cosa para pasar un [&hellip;]<!-- AddThis Advanced Settings generic via filter on get_the_excerpt --><!-- AddThis Share Buttons generic via filter on get_the_excerpt --><\/p>\n","protected":false},"author":49,"featured_media":0,"comment_status":"open","ping_status":"closed","sticky":false,"template":"","format":"standard","meta":[],"categories":[9,13],"tags":[328,594,619,622,677],"_links":{"self":[{"href":"https:\/\/blogs.hoy.es\/moterosdehoy\/wp-json\/wp\/v2\/posts\/2057"}],"collection":[{"href":"https:\/\/blogs.hoy.es\/moterosdehoy\/wp-json\/wp\/v2\/posts"}],"about":[{"href":"https:\/\/blogs.hoy.es\/moterosdehoy\/wp-json\/wp\/v2\/types\/post"}],"author":[{"embeddable":true,"href":"https:\/\/blogs.hoy.es\/moterosdehoy\/wp-json\/wp\/v2\/users\/49"}],"replies":[{"embeddable":true,"href":"https:\/\/blogs.hoy.es\/moterosdehoy\/wp-json\/wp\/v2\/comments?post=2057"}],"version-history":[{"count":0,"href":"https:\/\/blogs.hoy.es\/moterosdehoy\/wp-json\/wp\/v2\/posts\/2057\/revisions"}],"wp:attachment":[{"href":"https:\/\/blogs.hoy.es\/moterosdehoy\/wp-json\/wp\/v2\/media?parent=2057"}],"wp:term":[{"taxonomy":"category","embeddable":true,"href":"https:\/\/blogs.hoy.es\/moterosdehoy\/wp-json\/wp\/v2\/categories?post=2057"},{"taxonomy":"post_tag","embeddable":true,"href":"https:\/\/blogs.hoy.es\/moterosdehoy\/wp-json\/wp\/v2\/tags?post=2057"}],"curies":[{"name":"wp","href":"https:\/\/api.w.org\/{rel}","templated":true}]}}