{"id":2058,"date":"2017-01-17T09:19:28","date_gmt":"2017-01-17T09:19:28","guid":{"rendered":"http:\/\/blogs.hoy.es\/moterosdehoy\/?p=2058"},"modified":"2017-01-17T09:19:28","modified_gmt":"2017-01-17T09:19:28","slug":"motauros-2017","status":"publish","type":"post","link":"https:\/\/blogs.hoy.es\/moterosdehoy\/2017\/01\/17\/motauros-2017\/","title":{"rendered":"Motauros 2017"},"content":{"rendered":"<p>Del 19 al 22 de enero tendremos la XVII Concentraci\u00f3n motorista internacional de invierno, 10\u00ba Bike Show, y 7\u00ba Festival Pop-Rock, todo ello en Tordesillas (Valladolid).<\/p>\n<p><a href=\"\/moterosdehoy\/wp-content\/uploads\/sites\/45\/2017\/01\/Motauros-2017.jpg\"><img loading=\"lazy\" class=\"alignleft size-medium wp-image-2059\" title=\"Motauros 2017\" src=\"\/moterosdehoy\/wp-content\/uploads\/sites\/45\/2017\/01\/Motauros-2017.jpg\" alt=\"\" width=\"215\" height=\"300\" srcset=\"https:\/\/static-blogs.hoy.es\/wp-content\/uploads\/sites\/45\/2017\/01\/Motauros-2017.jpg 400w, https:\/\/static-blogs.hoy.es\/wp-content\/uploads\/sites\/45\/2017\/01\/Motauros-2017-215x300.jpg 215w\" sizes=\"(max-width: 215px) 100vw, 215px\" \/><\/a>Tras una edici\u00f3n de Ping\u00fcinos en Valladolid en la que hubo fr\u00edo y mucha afluencia de moteros, llega otro evento motero invernal a escasos treinta kil\u00f3metros de la anterior. En ella es de esperar m\u00e1s de lo mismo, fr\u00edo y mucha afluencia de moteros.<!--more--><\/p>\n<p>En Ping\u00fcinos si he estado, pero en Motauros no, y por ello toca \u00e9ste a\u00f1o, hay que probar. Como no he estado en ella no puedo hablar mucho, pero entr\u00e9 en contacto con uno de los organizadores, su Presidente, y me ha contado algo, adem\u00e1s que conozco mucha pe\u00f1a que ha estado ya y me han ido animando.<\/p>\n<p>Es una concentraci\u00f3n invernal, por ello el fr\u00edo no faltar\u00e1 y m\u00e1s por las tierras donde tiene lugar. Como diferencias de otras invernales hay que decir que donde tienen lugar las actuaciones es una carpa, por lo que si est\u00e1 nevando, o hace mal tiempo, pues al menos estas refugiado y disfrutando de la fiesta. Tambi\u00e9n es diferente por tener un Bike Show, que ya ser\u00e1 su d\u00e9cima edici\u00f3n, y han unido un Pop-Rock Festival, que ser\u00e1 su s\u00e9ptima edici\u00f3n, todo ello har\u00e1 que te lo pases en grande y seguro que coincidir\u00e1s con muchos colegas. Si eres nuevo por el mundo motero, seguro que har\u00e1s buenos amigos.<a href=\"\/moterosdehoy\/wp-content\/uploads\/sites\/45\/2017\/01\/Santiago-Rivas-en-Motauros1.jpg\"><img loading=\"lazy\" class=\"alignright size-medium wp-image-2061\" title=\"Santiago Rivas en Motauros\" src=\"\/moterosdehoy\/wp-content\/uploads\/sites\/45\/2017\/01\/Santiago-Rivas-en-Motauros1.jpg\" alt=\"\" width=\"300\" height=\"225\" srcset=\"https:\/\/static-blogs.hoy.es\/wp-content\/uploads\/sites\/45\/2017\/01\/Santiago-Rivas-en-Motauros1.jpg 960w, https:\/\/static-blogs.hoy.es\/wp-content\/uploads\/sites\/45\/2017\/01\/Santiago-Rivas-en-Motauros1-300x225.jpg 300w, https:\/\/static-blogs.hoy.es\/wp-content\/uploads\/sites\/45\/2017\/01\/Santiago-Rivas-en-Motauros1-768x576.jpg 768w\" sizes=\"(max-width: 300px) 100vw, 300px\" \/><\/a><\/p>\n<p>S\u00f3lo faltan dos d\u00edas, pero para esta edici\u00f3n no ser\u00e1s el primero en llegar, seg\u00fan el facebook de Motauros, Santiago Rivas lleva por all\u00ed acampado desde el d\u00eda 5 de enero, esperemos que no est\u00e9 congelado cuando lleguemos, parece ser que est\u00e1 acostumbrado y suele ser el primero en llegar. Seguro que lleva unas buenas dosis de caldito caliente.<\/p>\n<p>El programa es muy extenso, y como tienen una <a title=\"Enlace a la revista de Motauros 2017\" href=\"http:\/\/motauros.es\/4qEdZQt\/wp-content\/uploads\/2017\/01\/revista_motauros_2017.pdf\" target=\"_blank\" rel=\"external nofollow\">revista oficial<\/a> en la que lo tienen todo bien mascadito, os pongo el enlace por si quer\u00e9is todo detalle. En la revista aparecen lugares donde comer y dormir, por si no quieres estar en tienda de campa\u00f1a.<\/p>\n<p>Hay que decir que la inscripci\u00f3n cuesta 25\u20ac, la anticipada era 23\u20ac pero a falta de dos d\u00edas ya no est\u00e1 disponible. Esa inscripci\u00f3n te dar\u00e1 una bolsa de bienvenida con algunos recuerdos y tickets de algunas consumiciones, entre ellas caldo caliente, que te har\u00e1 falta.<\/p>\n<p>La apertura de la zona de acampada ser\u00e1 el jueves 19, a las 10 horas, coincidiendo con la hora de apertura de inscripciones in situ, los dem\u00e1s d\u00edas comenzar\u00e1n las actividades a las nueve de la ma\u00f1ana, y salvo el jueves que ser\u00e1 algo m\u00e1s tranquila la noche, tanto el viernes como el s\u00e1bado la fiesta durar\u00e1 hasta altas horas de la madrugada, por supuesto cargada de conciertos, DJs y GO-GOS. El domingo, cada cual a donde quiera, a las trece horas se acaba, con despedida hasta el a\u00f1o que viene.<\/p>\n<p><a href=\"\/moterosdehoy\/wp-content\/uploads\/sites\/45\/2017\/01\/Carpa-de-Motauros.jpg\"><img loading=\"lazy\" class=\"alignleft size-medium wp-image-2062\" title=\"Carpa de Motauros\" src=\"\/moterosdehoy\/wp-content\/uploads\/sites\/45\/2017\/01\/Carpa-de-Motauros.jpg\" alt=\"\" width=\"300\" height=\"200\" srcset=\"https:\/\/static-blogs.hoy.es\/wp-content\/uploads\/sites\/45\/2017\/01\/Carpa-de-Motauros.jpg 896w, https:\/\/static-blogs.hoy.es\/wp-content\/uploads\/sites\/45\/2017\/01\/Carpa-de-Motauros-300x201.jpg 300w, https:\/\/static-blogs.hoy.es\/wp-content\/uploads\/sites\/45\/2017\/01\/Carpa-de-Motauros-768x514.jpg 768w\" sizes=\"(max-width: 300px) 100vw, 300px\" \/><\/a>Os dejo una foto sacada del <a title=\"Enlace al face de Motauros\" href=\"https:\/\/www.facebook.com\/Motauros\/\" target=\"_blank\" rel=\"external nofollow\">facebook de Motauros<\/a>, en la que se puede apreciar que hay mucha pe\u00f1a dispuesta a pasar frio, y por supuesto, a pas\u00e1rselo bien.<\/p>\n<p>Y como dije al comienzo, \u00e9ste a\u00f1o toca Motauros, por all\u00ed nos veremos.<\/p>\n<p>Saludos y r\u00e1fagas.<\/p>\n<p>&nbsp;<\/p>\n<p>&nbsp;<\/p>\n<!-- AddThis Advanced Settings generic via filter on the_content --><!-- AddThis Share Buttons generic via filter on the_content -->","protected":false},"excerpt":{"rendered":"<p>Del 19 al 22 de enero tendremos la XVII Concentraci\u00f3n motorista internacional de invierno, 10\u00ba Bike Show, y 7\u00ba Festival Pop-Rock, todo ello en Tordesillas (Valladolid). Tras una edici\u00f3n de Ping\u00fcinos en Valladolid en la que hubo fr\u00edo y mucha afluencia de moteros, llega otro evento motero invernal a escasos treinta kil\u00f3metros de la anterior. [&hellip;]<!-- AddThis Advanced Settings generic via filter on get_the_excerpt --><!-- AddThis Share Buttons generic via filter on get_the_excerpt --><\/p>\n","protected":false},"author":49,"featured_media":0,"comment_status":"open","ping_status":"closed","sticky":false,"template":"","format":"standard","meta":[],"categories":[9,13],"tags":[606,622,937],"_links":{"self":[{"href":"https:\/\/blogs.hoy.es\/moterosdehoy\/wp-json\/wp\/v2\/posts\/2058"}],"collection":[{"href":"https:\/\/blogs.hoy.es\/moterosdehoy\/wp-json\/wp\/v2\/posts"}],"about":[{"href":"https:\/\/blogs.hoy.es\/moterosdehoy\/wp-json\/wp\/v2\/types\/post"}],"author":[{"embeddable":true,"href":"https:\/\/blogs.hoy.es\/moterosdehoy\/wp-json\/wp\/v2\/users\/49"}],"replies":[{"embeddable":true,"href":"https:\/\/blogs.hoy.es\/moterosdehoy\/wp-json\/wp\/v2\/comments?post=2058"}],"version-history":[{"count":0,"href":"https:\/\/blogs.hoy.es\/moterosdehoy\/wp-json\/wp\/v2\/posts\/2058\/revisions"}],"wp:attachment":[{"href":"https:\/\/blogs.hoy.es\/moterosdehoy\/wp-json\/wp\/v2\/media?parent=2058"}],"wp:term":[{"taxonomy":"category","embeddable":true,"href":"https:\/\/blogs.hoy.es\/moterosdehoy\/wp-json\/wp\/v2\/categories?post=2058"},{"taxonomy":"post_tag","embeddable":true,"href":"https:\/\/blogs.hoy.es\/moterosdehoy\/wp-json\/wp\/v2\/tags?post=2058"}],"curies":[{"name":"wp","href":"https:\/\/api.w.org\/{rel}","templated":true}]}}