{"id":2064,"date":"2017-01-25T13:51:57","date_gmt":"2017-01-25T13:51:57","guid":{"rendered":"http:\/\/blogs.hoy.es\/moterosdehoy\/?p=2064"},"modified":"2017-01-25T13:51:57","modified_gmt":"2017-01-25T13:51:57","slug":"transcurso-de-motauros-2017","status":"publish","type":"post","link":"https:\/\/blogs.hoy.es\/moterosdehoy\/2017\/01\/25\/transcurso-de-motauros-2017\/","title":{"rendered":"Transcurso de Motauros 2017"},"content":{"rendered":"<p>Una concentraci\u00f3n invernal por tierras vallisoletanas con buena organizaci\u00f3n.<\/p>\n<p>Cuando decides acudir a una concentraci\u00f3n motera invernal tienes claro que har\u00e1 fr\u00edo, pero para eso hay ropa y accesorios, es cuesti\u00f3n de ir preparado.<\/p>\n<p><a href=\"\/moterosdehoy\/wp-content\/uploads\/sites\/45\/2017\/01\/Motauros_2017.jpg\"><img loading=\"lazy\" class=\"alignleft size-medium wp-image-2065\" title=\"Motauros_2017\" src=\"\/moterosdehoy\/wp-content\/uploads\/sites\/45\/2017\/01\/Motauros_2017.jpg\" alt=\"\" width=\"300\" height=\"200\" srcset=\"https:\/\/static-blogs.hoy.es\/wp-content\/uploads\/sites\/45\/2017\/01\/Motauros_2017.jpg 4272w, https:\/\/static-blogs.hoy.es\/wp-content\/uploads\/sites\/45\/2017\/01\/Motauros_2017-300x200.jpg 300w, https:\/\/static-blogs.hoy.es\/wp-content\/uploads\/sites\/45\/2017\/01\/Motauros_2017-768x512.jpg 768w, https:\/\/static-blogs.hoy.es\/wp-content\/uploads\/sites\/45\/2017\/01\/Motauros_2017-1024x683.jpg 1024w\" sizes=\"(max-width: 300px) 100vw, 300px\" \/><\/a>Todo un fin de semana cargado de buena gente, fr\u00edo, puestos de comida y mercader\u00eda, fr\u00edo, motos, fr\u00edo, hogueras, calorcito, conciertos, m\u00e1s calorcito, shows er\u00f3ticos, uf que calor&#8230; Tordesillas al lado, con todas sus posibilidades. Todo lo necesario para que se convierta en algo inolvidable. Tras \u00e9sta presentaci\u00f3n es evidente que quien no haya ido querr\u00e1 ir, y por supuesto, quien ha estado volver\u00e1, o por lo menos tendr\u00e1 un recuerdo inolvidable.<!--more--><\/p>\n<p>En \u00e9sta ocasi\u00f3n se trat\u00f3 de \u00a0la XVII Concentraci\u00f3n motorista internacional de invierno, 10\u00ba Bike Show, y 7\u00ba Festival Pop-Rock. En Tordesillas (Valladolid), del 19 al 22 de enero, y todo ello resumido en un peque\u00f1o t\u00edtulo &#8220;<a title=\"Motauros 2017\" href=\"https:\/\/blogs.hoy.es\/moterosdehoy\/2017\/01\/17\/motauros-2017\/\" target=\"_blank\">Motauros 2017<\/a>&#8220;.<\/p>\n<p>Con diferencia a otras grandes invernales, hay que decir que la le\u00f1a la hay en abundancia, y no he o\u00eddo de casos en los que se la lleven mientras est\u00e1s en los conciertos o de ruta. Otra cosa importante es la buena organizaci\u00f3n, se puede acceder a la concentraci\u00f3n sin estar inscrito, pero no se puede entrar en la zona de acampada si no lo est\u00e1s. Para los conciertos tienen entradas econ\u00f3micas para no tener que sacar toda la inscripci\u00f3n, y una cosa muy importante, las actuaciones se encuentran en una gran carpa cerrada, por lo que te olvidas del fr\u00edo.<\/p>\n<p>Tordesillas est\u00e1 pegado, y tienen un trenecito que est\u00e1 subiendo y bajando para que el personal no tenga que usar la moto, \u00faltimo viaje a las cuatro de la madrugada. Aunque se llega bien andando, y si vas en moto no estar\u00e1 sola en ninguna calle, mooooootos por todas partes, eso s\u00ed, controles tambi\u00e9n, as\u00ed que si la vas a coger olv\u00eddate de sustancias que puedan dar positivo.<\/p>\n<p>Al estar tan pegada la concentraci\u00f3n a la localidad anima a estar a caballo entre ambas, pudiendo disfrutar de las dos, hay tiempo para todo, son cuatro d\u00edas para pasarlo bien, encontrarte con viejos amigos y hacer nuevos, que m\u00e1s se puede pedir.<\/p>\n<p>En una de las ocasiones que estuve por Tordesillas, acud\u00ed a la Plaza Mayor, al ir acerc\u00e1ndome pens\u00e9 que hab\u00eda una banda de m\u00fasica. Nada m\u00e1s lejos de la realidad. Eran los escapes de las motos que se encontraban all\u00ed, acelerando y cortando encendido al un\u00edsono. A\u00fan se me ponen los pelos de punta, es impresionante. La plaza no es muy grande y al estar llena de personas no entraban m\u00e1s de un centenar de motos, bajo los soportales barras de los bares y restaurantes, todas repletas, y el sonido de las motos. Impresionante.<\/p>\n<div id=\"attachment_2066\" style=\"width: 310px\" class=\"wp-caption alignright\"><a href=\"\/moterosdehoy\/wp-content\/uploads\/sites\/45\/2017\/01\/Motauros-2017-b.jpg\"><img aria-describedby=\"caption-attachment-2066\" loading=\"lazy\" class=\"size-medium wp-image-2066\" title=\"Motauros 2017 b\" src=\"\/moterosdehoy\/wp-content\/uploads\/sites\/45\/2017\/01\/Motauros-2017-b.jpg\" alt=\"\" width=\"300\" height=\"225\" srcset=\"https:\/\/static-blogs.hoy.es\/wp-content\/uploads\/sites\/45\/2017\/01\/Motauros-2017-b.jpg 4032w, https:\/\/static-blogs.hoy.es\/wp-content\/uploads\/sites\/45\/2017\/01\/Motauros-2017-b-300x225.jpg 300w, https:\/\/static-blogs.hoy.es\/wp-content\/uploads\/sites\/45\/2017\/01\/Motauros-2017-b-768x576.jpg 768w, https:\/\/static-blogs.hoy.es\/wp-content\/uploads\/sites\/45\/2017\/01\/Motauros-2017-b-1024x768.jpg 1024w\" sizes=\"(max-width: 300px) 100vw, 300px\" \/><\/a><p id=\"caption-attachment-2066\" class=\"wp-caption-text\">\u00c1ngel, Pilar, Elena, Paola, Tony, en la Plaza Mayor de Tordesillas<\/p><\/div>\n<p>Estando all\u00ed lleg\u00f3 un motero &#8220;\u00c1ngel&#8221; de Cilleros (C\u00e1ceres), se me puso a hablar como si me conociera de toda la vida, no lo hab\u00eda visto nunca antes, me dijo: &#8220;\u00bfEres Antonio M\u00e1rquez? Escribes un blog de motos. Crec\u00ed varios metros, me encant\u00f3, nos tomamos una cervezas y echamos unas risas.<\/p>\n<p>Luego me acerqu\u00e9 a un grupo de chicas que no ten\u00edan ropas moteras y les pregunt\u00e9 que les parec\u00eda la invasi\u00f3n de motos. Una de ellas &#8220;Elena&#8221; dijo que era de Tordesillas y que les encantaba ver el pueblo repleto de motos y moteros. Las otras dos hab\u00edan ido para disfrutar del fin de semana, por lo que Motauros no s\u00f3lo atrae a moteros. Me indic\u00f3 que la ruta de antorchas que se realiza por la noche a favor de los moteros ca\u00eddos, le parece muy emotiva, el sonido de las motos en la Plaza Mayor, incre\u00edble, pero que los cortes de encendido a altas horas de la madrugada por cualquier calle no le hac\u00eda tanta gracia. Sobre todo cuando te tocan al lado de tu ventana.<\/p>\n<p>Del fin de la concentraci\u00f3n el domingo no puedo hablar mucho, pues la noche del s\u00e1bado fue demasiado larga, s\u00f3lo puedo decir que me lo pas\u00e9 fenomenal. Hay muchos moteros que tienen la pregunta Ping\u00fcinos o Motauros, cada cual debe de tener su propia visi\u00f3n y vivencia, habr\u00e1 gustos para ambas, en mi caso har\u00e9 lo posible por volver a Motauros. No hay tanta gente y me gust\u00f3 m\u00e1s.<\/p>\n<p>Pero no todo en Motauros es lo mejor, tambi\u00e9n tiene deficiencias. Los ba\u00f1os, el eterno enemigo de las grandes concentraciones, en \u00e9ste caso punto suspenso, sucios no, lo siguiente. Adem\u00e1s las duchas est\u00e1n en el mismo enclave que los ba\u00f1os, y al haber mucha afluencia de gente con necesidades, las utilizan, por lo que quedan inservibles. Es muy dif\u00edcil que alguien se vaya a duchar con el fr\u00edo que hace, pero no es que no quiera, es que es imposible.<\/p>\n<p>Otro punto negativo, los servicios m\u00e9dicos. Durante las noches hay servicio cubierto por Cruz Roja, pero no hay m\u00e9dico y si hay algo grave lo \u00fanico que pueden hacer es desplazarlo al hospital. Eso es una deficiencia lamentable.<\/p>\n<p>Es normal que hayan puntos mejores y otros peores, yo me limito a contar mi experiencia y puede que tomen nota para solucionarlo en a\u00f1os sucesivos, pues por ahora digo la famosa palabra de Terminator, &#8220;Volver\u00e9&#8221;.<\/p>\n<p>Os dejo un <strong><a title=\"V\u00eddeo transcurso de Motauros 2017\" href=\"https:\/\/www.youtube.com\/watch?v=uLr1OZjy48U\" target=\"_blank\" rel=\"external nofollow\">enlace a un v\u00eddeo<\/a><\/strong> de lo que viv\u00ed por all\u00ed, pues m\u00e1s vale una imagen que cien palabras.<\/p>\n<p>Saludos y r\u00e1fagas.<\/p>\n<!-- AddThis Advanced Settings generic via filter on the_content --><!-- AddThis Share Buttons generic via filter on the_content -->","protected":false},"excerpt":{"rendered":"<p>Una concentraci\u00f3n invernal por tierras vallisoletanas con buena organizaci\u00f3n. Cuando decides acudir a una concentraci\u00f3n motera invernal tienes claro que har\u00e1 fr\u00edo, pero para eso hay ropa y accesorios, es cuesti\u00f3n de ir preparado. Todo un fin de semana cargado de buena gente, fr\u00edo, puestos de comida y mercader\u00eda, fr\u00edo, motos, fr\u00edo, hogueras, calorcito, conciertos, [&hellip;]<!-- AddThis Advanced Settings generic via filter on get_the_excerpt --><!-- AddThis Share Buttons generic via filter on get_the_excerpt --><\/p>\n","protected":false},"author":49,"featured_media":0,"comment_status":"open","ping_status":"closed","sticky":false,"template":"","format":"standard","meta":[],"categories":[9,13],"tags":[191,606,622,664,937,982],"_links":{"self":[{"href":"https:\/\/blogs.hoy.es\/moterosdehoy\/wp-json\/wp\/v2\/posts\/2064"}],"collection":[{"href":"https:\/\/blogs.hoy.es\/moterosdehoy\/wp-json\/wp\/v2\/posts"}],"about":[{"href":"https:\/\/blogs.hoy.es\/moterosdehoy\/wp-json\/wp\/v2\/types\/post"}],"author":[{"embeddable":true,"href":"https:\/\/blogs.hoy.es\/moterosdehoy\/wp-json\/wp\/v2\/users\/49"}],"replies":[{"embeddable":true,"href":"https:\/\/blogs.hoy.es\/moterosdehoy\/wp-json\/wp\/v2\/comments?post=2064"}],"version-history":[{"count":0,"href":"https:\/\/blogs.hoy.es\/moterosdehoy\/wp-json\/wp\/v2\/posts\/2064\/revisions"}],"wp:attachment":[{"href":"https:\/\/blogs.hoy.es\/moterosdehoy\/wp-json\/wp\/v2\/media?parent=2064"}],"wp:term":[{"taxonomy":"category","embeddable":true,"href":"https:\/\/blogs.hoy.es\/moterosdehoy\/wp-json\/wp\/v2\/categories?post=2064"},{"taxonomy":"post_tag","embeddable":true,"href":"https:\/\/blogs.hoy.es\/moterosdehoy\/wp-json\/wp\/v2\/tags?post=2064"}],"curies":[{"name":"wp","href":"https:\/\/api.w.org\/{rel}","templated":true}]}}