{"id":2068,"date":"2017-01-31T22:41:09","date_gmt":"2017-01-31T22:41:09","guid":{"rendered":"http:\/\/blogs.hoy.es\/moterosdehoy\/?p=2068"},"modified":"2017-01-31T22:41:09","modified_gmt":"2017-01-31T22:41:09","slug":"ii-mercadillo-motero-en-badajoz","status":"publish","type":"post","link":"https:\/\/blogs.hoy.es\/moterosdehoy\/2017\/01\/31\/ii-mercadillo-motero-en-badajoz\/","title":{"rendered":"II Mercadillo motero en Badajoz"},"content":{"rendered":"<p>Tras el exitoso mercadillo motero de enero, continuamos con la iniciativa y vamos a por la segunda edici\u00f3n.<\/p>\n<div class=\"mceTemp\">\n<div id=\"attachment_2069\" style=\"width: 222px\" class=\"wp-caption alignleft\"><a href=\"\/moterosdehoy\/wp-content\/uploads\/sites\/45\/2017\/01\/Mercadillo-Motero-5_02_.jpg\"><img aria-describedby=\"caption-attachment-2069\" loading=\"lazy\" class=\"size-medium wp-image-2069\" title=\"Mercadillo Motero 5_02_\" src=\"\/moterosdehoy\/wp-content\/uploads\/sites\/45\/2017\/01\/Mercadillo-Motero-5_02_.jpg\" alt=\"\" width=\"212\" height=\"300\" srcset=\"https:\/\/static-blogs.hoy.es\/wp-content\/uploads\/sites\/45\/2017\/01\/Mercadillo-Motero-5_02_.jpg 3508w, https:\/\/static-blogs.hoy.es\/wp-content\/uploads\/sites\/45\/2017\/01\/Mercadillo-Motero-5_02_-212x300.jpg 212w, https:\/\/static-blogs.hoy.es\/wp-content\/uploads\/sites\/45\/2017\/01\/Mercadillo-Motero-5_02_-768x1086.jpg 768w, https:\/\/static-blogs.hoy.es\/wp-content\/uploads\/sites\/45\/2017\/01\/Mercadillo-Motero-5_02_-724x1024.jpg 724w\" sizes=\"(max-width: 212px) 100vw, 212px\" \/><\/a><p id=\"caption-attachment-2069\" class=\"wp-caption-text\">Cartel Mercadillo Motero<\/p><\/div>\n<p>Hay que tener en cuenta que el Custom Club Moteros de Hoy, s\u00f3lo facilita el acceso de los moteros para que puedan vender o cambiar entre ellos los art\u00edculos que deseen, cediendo su sede como lugar de encuentro y desentendi\u00e9ndose de esas transferencias.<\/p>\n<\/div>\n<p>\u00c9sta segunda edici\u00f3n tendr\u00e1 lugar el domingo d\u00eda 5 de febrero, y tendr\u00e1 lugar en nuestra sede. C\/ Nueva Creaci\u00f3n s\/n, Badajoz 06006, En el Complejo el Tranv\u00eda, del Pol\u00edgono El Nevero, Badajoz.<!--more--><\/p>\n<p>La idea es que cualquier persona que quiera vender algo referente a las motos o los moteros pueda tener un lugar donde mostrarlo. Si no quieres vender nada pero si comprar o mirar, acude tambi\u00e9n, seguro que encuentras algo que te guste. Desde una pulsera para ti, una cazadora motera, un casco\u2026 o incluso una moto.<\/p>\n<p>El evento comenzar\u00e1 a las 11:30, pero si estas interesado en vender algo p\u00e1sate un poco antes y podr\u00e1s ir preparando tu espacio, desde las 10:45 estaremos por all\u00ed.<\/p>\n<p>A las 12:45 horas tendremos algo de picoteo, para estar entretenidos, consistente en \u201cHuevos con chorizo y pan\u201d por UN euro. Sobre 13:30 tendremos unas tapas de garbanzos, y sobre las 14 seguiremos con algo de barbacoa.<\/p>\n<p>Para poder colocar al personal que quiera asistir para vender algo, y con el fin de gestionar el espacio existente, es recomendable contactar con nosotros antes del evento, de lo contrario te puedes encontrar sin sitio, recuerda que es un local privado. Tienes disponible el mail info@moterosdehoy.es \/ moterosdehoy@gmail.com y el telf 670 878 412 (se atiende whatsapp) Pensar en llevar alguna mesa o stand donde poner las cosas, de lo contrario llevar una manta o algo para ponerlo en el suelo. Tambi\u00e9n tienes disponible un <a title=\"Evento del mercadillo motero en facebook\" href=\"https:\/\/www.facebook.com\/events\/1868512220029017\/\" target=\"_blank\" rel=\"external nofollow\">evento en facebook<\/a>.<\/p>\n<p>Te esperamos.<\/p>\n<p>Saludos y r\u00e1fagas.<\/p>\n<!-- AddThis Advanced Settings generic via filter on the_content --><!-- AddThis Share Buttons generic via filter on the_content -->","protected":false},"excerpt":{"rendered":"<p>Tras el exitoso mercadillo motero de enero, continuamos con la iniciativa y vamos a por la segunda edici\u00f3n. Hay que tener en cuenta que el Custom Club Moteros de Hoy, s\u00f3lo facilita el acceso de los moteros para que puedan vender o cambiar entre ellos los art\u00edculos que deseen, cediendo su sede como lugar de [&hellip;]<!-- AddThis Advanced Settings generic via filter on get_the_excerpt --><!-- AddThis Share Buttons generic via filter on get_the_excerpt --><\/p>\n","protected":false},"author":49,"featured_media":0,"comment_status":"open","ping_status":"closed","sticky":false,"template":"","format":"standard","meta":[],"categories":[9,13],"tags":[328,594,619,622,677],"_links":{"self":[{"href":"https:\/\/blogs.hoy.es\/moterosdehoy\/wp-json\/wp\/v2\/posts\/2068"}],"collection":[{"href":"https:\/\/blogs.hoy.es\/moterosdehoy\/wp-json\/wp\/v2\/posts"}],"about":[{"href":"https:\/\/blogs.hoy.es\/moterosdehoy\/wp-json\/wp\/v2\/types\/post"}],"author":[{"embeddable":true,"href":"https:\/\/blogs.hoy.es\/moterosdehoy\/wp-json\/wp\/v2\/users\/49"}],"replies":[{"embeddable":true,"href":"https:\/\/blogs.hoy.es\/moterosdehoy\/wp-json\/wp\/v2\/comments?post=2068"}],"version-history":[{"count":0,"href":"https:\/\/blogs.hoy.es\/moterosdehoy\/wp-json\/wp\/v2\/posts\/2068\/revisions"}],"wp:attachment":[{"href":"https:\/\/blogs.hoy.es\/moterosdehoy\/wp-json\/wp\/v2\/media?parent=2068"}],"wp:term":[{"taxonomy":"category","embeddable":true,"href":"https:\/\/blogs.hoy.es\/moterosdehoy\/wp-json\/wp\/v2\/categories?post=2068"},{"taxonomy":"post_tag","embeddable":true,"href":"https:\/\/blogs.hoy.es\/moterosdehoy\/wp-json\/wp\/v2\/tags?post=2068"}],"curies":[{"name":"wp","href":"https:\/\/api.w.org\/{rel}","templated":true}]}}