{"id":2073,"date":"2017-02-16T22:11:28","date_gmt":"2017-02-16T22:11:28","guid":{"rendered":"http:\/\/blogs.hoy.es\/moterosdehoy\/?p=2073"},"modified":"2017-02-16T22:11:28","modified_gmt":"2017-02-16T22:11:28","slug":"presentacion-de-las-kawas-z-900-z-650-y-ninja-650","status":"publish","type":"post","link":"https:\/\/blogs.hoy.es\/moterosdehoy\/2017\/02\/16\/presentacion-de-las-kawas-z-900-z-650-y-ninja-650\/","title":{"rendered":"Presentaci\u00f3n de las Kawas Z 900, Z 650 y Ninja 650"},"content":{"rendered":"<p>El mercado motocicl\u00edstico no para, y los modelos siguen evolucionando.<\/p>\n<p>El jueves 16 de febrero, el concesionario <a title=\"Motorcycle Center Europe\" href=\"https:\/\/www.motocentereurope.com\/\" target=\"_blank\" rel=\"external nofollow\">Motorcycle Center Europe<\/a>, de Badajoz, ha presentado los modelos de Kawasaki Z 900 que sustituye a la Z 800, la Z 650 que sustituye a la ER 6 N, y su hermana la Ninja 650, que con el mismo motor lleva algo de carenado para los que quieran ir m\u00e1s protegidos.<\/p>\n<div class=\"mceTemp\">\n<div id=\"attachment_2089\" style=\"width: 310px\" class=\"wp-caption alignleft\"><a href=\"\/moterosdehoy\/wp-content\/uploads\/sites\/45\/2017\/02\/Motorcycle-Center-Europe-1.jpg\"><img aria-describedby=\"caption-attachment-2089\" loading=\"lazy\" class=\"size-medium wp-image-2089\" title=\"Motorcycle Center Europe 1\" src=\"\/moterosdehoy\/wp-content\/uploads\/sites\/45\/2017\/02\/Motorcycle-Center-Europe-1.jpg\" alt=\"\" width=\"300\" height=\"225\" srcset=\"https:\/\/static-blogs.hoy.es\/wp-content\/uploads\/sites\/45\/2017\/02\/Motorcycle-Center-Europe-1.jpg 4032w, https:\/\/static-blogs.hoy.es\/wp-content\/uploads\/sites\/45\/2017\/02\/Motorcycle-Center-Europe-1-300x225.jpg 300w, https:\/\/static-blogs.hoy.es\/wp-content\/uploads\/sites\/45\/2017\/02\/Motorcycle-Center-Europe-1-768x576.jpg 768w, https:\/\/static-blogs.hoy.es\/wp-content\/uploads\/sites\/45\/2017\/02\/Motorcycle-Center-Europe-1-1024x768.jpg 1024w\" sizes=\"(max-width: 300px) 100vw, 300px\" \/><\/a><p id=\"caption-attachment-2089\" class=\"wp-caption-text\">Kawasaki Z 650, Z 900, y Ninja 650<\/p><\/div>\n<p>La nueva Z 900, pesa nada menos que 20 kilos menos que su antecesora, lo que la hace m\u00e1s \u00e1gil, qued\u00e1ndose en 210 kgr con el dep\u00f3sito lleno. Para ello ha cambiado su chasis, ahora tubular descendiente de la H2R.<\/p>\n<\/div>\n<p>Su motor proviene de la Z 1000, con 948cc, y nada menos que 125 cv, a 9.500 rpm, con unos bajos m\u00e1s fuertes. <!--more-->Tiene un frontal m\u00e1s agresivo y sus l\u00edneas tienen m\u00e1s curvas, con un col\u00edn trasero m\u00e1s afilado, y quedando el asiento m\u00e1s bajo, por lo que facilita el apoyo de los pies al suelo para los m\u00e1s bajos. Est\u00e1 dotada de embrague con antirebote y muy suave, adem\u00e1s el precio se mantiene con la anterior.<\/p>\n<p>Para \u00e9ste modelo por el momento no hay disposici\u00f3n de limitarla, pero parece que para el 2018 estar\u00e1 la opci\u00f3n.<\/p>\n<p>En el caso de la Z 650, tambi\u00e9n baja de peso, nada menos que 18 kilos, lo que la hace m\u00e1s manejable. Con motor bicil\u00edndrico y la opci\u00f3n de estar disponible para limitarla para el carnet A2, lo que la hace una moto perfecta para andar por ciudad, por su cambio y embrague suaves, tambi\u00e9n con el sistema antirebote. Su motor bicil\u00edndrico nos permite circular a marchas altas con poca velocidad, y empujando desde pocas vueltas, lo que en zonas urbanas nos evita estar cambiando continuamente. En carretera sus marchas se estiran mucho, incluso en el caso de estar limitada, lo que la hace muy polivalente. Con una est\u00e9tica muy agresiva y algunos caballos m\u00e1s que su antecesora.<\/p>\n<p>Para el caso de que os guste m\u00e1s andar por carretera y llevar algo de protecci\u00f3n para el viento, est\u00e1 la Ninja 650, con las caracter\u00edsticas de la anterior pero con carenado.<\/p>\n<p>En definitiva unas m\u00e1quinas muy polivalentes, por sus dimensiones, peso y caracter\u00edsticas t\u00e9cnicas, que de seguro har\u00e1n disfrutar a quien las monte.<\/p>\n<p>Os dejo unas fotos de la presentaci\u00f3n:<\/p>\n\n\t\t<style type=\"text\/css\">\n\t\t\t#gallery-1 {\n\t\t\t\tmargin: auto;\n\t\t\t}\n\t\t\t#gallery-1 .gallery-item {\n\t\t\t\tfloat: left;\n\t\t\t\tmargin-top: 10px;\n\t\t\t\ttext-align: center;\n\t\t\t\twidth: 25%;\n\t\t\t}\n\t\t\t#gallery-1 img {\n\t\t\t\tborder: 2px solid #cfcfcf;\n\t\t\t}\n\t\t\t#gallery-1 .gallery-caption {\n\t\t\t\tmargin-left: 0;\n\t\t\t}\n\t\t\t\/* see gallery_shortcode() in wp-includes\/media.php *\/\n\t\t<\/style>\n\t\t<div id='gallery-1' class='gallery galleryid-2073 gallery-columns-4 gallery-size-thumbnail'><dl class='gallery-item'>\n\t\t\t<dt class='gallery-icon landscape'>\n\t\t\t\t<a href=\"https:\/\/static-blogs.hoy.es\/wp-content\/uploads\/sites\/45\/2017\/02\/Motorcycle-Center-Europe-2.jpg\"><img width=\"150\" height=\"150\" src=\"https:\/\/static-blogs.hoy.es\/wp-content\/uploads\/sites\/45\/2017\/02\/Motorcycle-Center-Europe-2-150x150.jpg\" class=\"attachment-thumbnail size-thumbnail\" alt=\"\" loading=\"lazy\" \/><\/a>\n\t\t\t<\/dt><\/dl><dl class='gallery-item'>\n\t\t\t<dt class='gallery-icon landscape'>\n\t\t\t\t<a href=\"https:\/\/static-blogs.hoy.es\/wp-content\/uploads\/sites\/45\/2017\/02\/Motorcycle-Center-Europe-3.jpg\"><img width=\"150\" height=\"150\" src=\"https:\/\/static-blogs.hoy.es\/wp-content\/uploads\/sites\/45\/2017\/02\/Motorcycle-Center-Europe-3-150x150.jpg\" class=\"attachment-thumbnail size-thumbnail\" alt=\"\" loading=\"lazy\" \/><\/a>\n\t\t\t<\/dt><\/dl><dl class='gallery-item'>\n\t\t\t<dt class='gallery-icon landscape'>\n\t\t\t\t<a href=\"https:\/\/static-blogs.hoy.es\/wp-content\/uploads\/sites\/45\/2017\/02\/Motorcycle-Center-Europe-4.jpg\"><img width=\"150\" height=\"150\" src=\"https:\/\/static-blogs.hoy.es\/wp-content\/uploads\/sites\/45\/2017\/02\/Motorcycle-Center-Europe-4-150x150.jpg\" class=\"attachment-thumbnail size-thumbnail\" alt=\"\" loading=\"lazy\" \/><\/a>\n\t\t\t<\/dt><\/dl><dl class='gallery-item'>\n\t\t\t<dt class='gallery-icon landscape'>\n\t\t\t\t<a href=\"https:\/\/static-blogs.hoy.es\/wp-content\/uploads\/sites\/45\/2017\/02\/Motorcycle-Center-Europe-5.jpg\"><img width=\"150\" height=\"150\" src=\"https:\/\/static-blogs.hoy.es\/wp-content\/uploads\/sites\/45\/2017\/02\/Motorcycle-Center-Europe-5-150x150.jpg\" class=\"attachment-thumbnail size-thumbnail\" alt=\"\" loading=\"lazy\" \/><\/a>\n\t\t\t<\/dt><\/dl><br style=\"clear: both\" \/><dl class='gallery-item'>\n\t\t\t<dt class='gallery-icon landscape'>\n\t\t\t\t<a href=\"https:\/\/static-blogs.hoy.es\/wp-content\/uploads\/sites\/45\/2017\/02\/Motorcycle-Center-Europe-6.jpg\"><img width=\"150\" height=\"150\" src=\"https:\/\/static-blogs.hoy.es\/wp-content\/uploads\/sites\/45\/2017\/02\/Motorcycle-Center-Europe-6-150x150.jpg\" class=\"attachment-thumbnail size-thumbnail\" alt=\"\" loading=\"lazy\" \/><\/a>\n\t\t\t<\/dt><\/dl><dl class='gallery-item'>\n\t\t\t<dt class='gallery-icon landscape'>\n\t\t\t\t<a href=\"https:\/\/static-blogs.hoy.es\/wp-content\/uploads\/sites\/45\/2017\/02\/Motorcycle-Center-Europe-7.jpg\"><img width=\"150\" height=\"150\" src=\"https:\/\/static-blogs.hoy.es\/wp-content\/uploads\/sites\/45\/2017\/02\/Motorcycle-Center-Europe-7-150x150.jpg\" class=\"attachment-thumbnail size-thumbnail\" alt=\"\" loading=\"lazy\" \/><\/a>\n\t\t\t<\/dt><\/dl><dl class='gallery-item'>\n\t\t\t<dt class='gallery-icon portrait'>\n\t\t\t\t<a href=\"https:\/\/static-blogs.hoy.es\/wp-content\/uploads\/sites\/45\/2017\/02\/Motorcycle-Center-Europe-8.jpg\"><img width=\"150\" height=\"150\" src=\"https:\/\/static-blogs.hoy.es\/wp-content\/uploads\/sites\/45\/2017\/02\/Motorcycle-Center-Europe-8-150x150.jpg\" class=\"attachment-thumbnail size-thumbnail\" alt=\"\" loading=\"lazy\" \/><\/a>\n\t\t\t<\/dt><\/dl><dl class='gallery-item'>\n\t\t\t<dt class='gallery-icon landscape'>\n\t\t\t\t<a href=\"https:\/\/static-blogs.hoy.es\/wp-content\/uploads\/sites\/45\/2017\/02\/Motorcycle-Center-Europe-9.jpg\"><img width=\"150\" height=\"150\" src=\"https:\/\/static-blogs.hoy.es\/wp-content\/uploads\/sites\/45\/2017\/02\/Motorcycle-Center-Europe-9-150x150.jpg\" class=\"attachment-thumbnail size-thumbnail\" alt=\"\" loading=\"lazy\" \/><\/a>\n\t\t\t<\/dt><\/dl><br style=\"clear: both\" \/><dl class='gallery-item'>\n\t\t\t<dt class='gallery-icon portrait'>\n\t\t\t\t<a href=\"https:\/\/static-blogs.hoy.es\/wp-content\/uploads\/sites\/45\/2017\/02\/Motorcycle-Center-Europe-51.jpg\"><img width=\"150\" height=\"150\" src=\"https:\/\/static-blogs.hoy.es\/wp-content\/uploads\/sites\/45\/2017\/02\/Motorcycle-Center-Europe-51-150x150.jpg\" class=\"attachment-thumbnail size-thumbnail\" alt=\"\" loading=\"lazy\" \/><\/a>\n\t\t\t<\/dt><\/dl><dl class='gallery-item'>\n\t\t\t<dt class='gallery-icon portrait'>\n\t\t\t\t<a href=\"https:\/\/static-blogs.hoy.es\/wp-content\/uploads\/sites\/45\/2017\/02\/Motorcycle-Center-Europe-52.jpg\"><img width=\"150\" height=\"150\" src=\"https:\/\/static-blogs.hoy.es\/wp-content\/uploads\/sites\/45\/2017\/02\/Motorcycle-Center-Europe-52-150x150.jpg\" class=\"attachment-thumbnail size-thumbnail\" alt=\"\" loading=\"lazy\" \/><\/a>\n\t\t\t<\/dt><\/dl><dl class='gallery-item'>\n\t\t\t<dt class='gallery-icon landscape'>\n\t\t\t\t<a href=\"https:\/\/static-blogs.hoy.es\/wp-content\/uploads\/sites\/45\/2017\/02\/Motorcycle-Center-Europe-91.jpg\"><img width=\"150\" height=\"150\" src=\"https:\/\/static-blogs.hoy.es\/wp-content\/uploads\/sites\/45\/2017\/02\/Motorcycle-Center-Europe-91-150x150.jpg\" class=\"attachment-thumbnail size-thumbnail\" alt=\"\" loading=\"lazy\" \/><\/a>\n\t\t\t<\/dt><\/dl><dl class='gallery-item'>\n\t\t\t<dt class='gallery-icon landscape'>\n\t\t\t\t<a href=\"https:\/\/static-blogs.hoy.es\/wp-content\/uploads\/sites\/45\/2017\/02\/Motorcycle-Center-Europe-92.jpg\"><img width=\"150\" height=\"150\" src=\"https:\/\/static-blogs.hoy.es\/wp-content\/uploads\/sites\/45\/2017\/02\/Motorcycle-Center-Europe-92-150x150.jpg\" class=\"attachment-thumbnail size-thumbnail\" alt=\"\" loading=\"lazy\" \/><\/a>\n\t\t\t<\/dt><\/dl><br style=\"clear: both\" \/><dl class='gallery-item'>\n\t\t\t<dt class='gallery-icon portrait'>\n\t\t\t\t<a href=\"https:\/\/static-blogs.hoy.es\/wp-content\/uploads\/sites\/45\/2017\/02\/Motorcycle-Center-Europe-93.jpg\"><img width=\"150\" height=\"150\" src=\"https:\/\/static-blogs.hoy.es\/wp-content\/uploads\/sites\/45\/2017\/02\/Motorcycle-Center-Europe-93-150x150.jpg\" class=\"attachment-thumbnail size-thumbnail\" alt=\"\" loading=\"lazy\" \/><\/a>\n\t\t\t<\/dt><\/dl><dl class='gallery-item'>\n\t\t\t<dt class='gallery-icon landscape'>\n\t\t\t\t<a href=\"https:\/\/static-blogs.hoy.es\/wp-content\/uploads\/sites\/45\/2017\/02\/Motorcycle-Center-Europe-1.jpg\"><img width=\"150\" height=\"150\" src=\"https:\/\/static-blogs.hoy.es\/wp-content\/uploads\/sites\/45\/2017\/02\/Motorcycle-Center-Europe-1-150x150.jpg\" class=\"attachment-thumbnail size-thumbnail\" alt=\"\" loading=\"lazy\" aria-describedby=\"gallery-1-2089\" \/><\/a>\n\t\t\t<\/dt>\n\t\t\t\t<dd class='wp-caption-text gallery-caption' id='gallery-1-2089'>\n\t\t\t\tKawasaki Z 650, Z 900, y Ninja 650\n\t\t\t\t<\/dd><\/dl>\n\t\t\t<br style='clear: both' \/>\n\t\t<\/div>\n\n<p>Saludos y r\u00e1fagas.<\/p>\n<p>&nbsp;<\/p>\n<!-- AddThis Advanced Settings generic via filter on the_content --><!-- AddThis Share Buttons generic via filter on the_content -->","protected":false},"excerpt":{"rendered":"<p>El mercado motocicl\u00edstico no para, y los modelos siguen evolucionando. El jueves 16 de febrero, el concesionario Motorcycle Center Europe, de Badajoz, ha presentado los modelos de Kawasaki Z 900 que sustituye a la Z 800, la Z 650 que sustituye a la ER 6 N, y su hermana la Ninja 650, que con el [&hellip;]<!-- AddThis Advanced Settings generic via filter on get_the_excerpt --><!-- AddThis Share Buttons generic via filter on get_the_excerpt --><\/p>\n","protected":false},"author":49,"featured_media":0,"comment_status":"open","ping_status":"closed","sticky":false,"template":"","format":"standard","meta":[],"categories":[6,9,13],"tags":[537,540,541,622,663],"_links":{"self":[{"href":"https:\/\/blogs.hoy.es\/moterosdehoy\/wp-json\/wp\/v2\/posts\/2073"}],"collection":[{"href":"https:\/\/blogs.hoy.es\/moterosdehoy\/wp-json\/wp\/v2\/posts"}],"about":[{"href":"https:\/\/blogs.hoy.es\/moterosdehoy\/wp-json\/wp\/v2\/types\/post"}],"author":[{"embeddable":true,"href":"https:\/\/blogs.hoy.es\/moterosdehoy\/wp-json\/wp\/v2\/users\/49"}],"replies":[{"embeddable":true,"href":"https:\/\/blogs.hoy.es\/moterosdehoy\/wp-json\/wp\/v2\/comments?post=2073"}],"version-history":[{"count":0,"href":"https:\/\/blogs.hoy.es\/moterosdehoy\/wp-json\/wp\/v2\/posts\/2073\/revisions"}],"wp:attachment":[{"href":"https:\/\/blogs.hoy.es\/moterosdehoy\/wp-json\/wp\/v2\/media?parent=2073"}],"wp:term":[{"taxonomy":"category","embeddable":true,"href":"https:\/\/blogs.hoy.es\/moterosdehoy\/wp-json\/wp\/v2\/categories?post=2073"},{"taxonomy":"post_tag","embeddable":true,"href":"https:\/\/blogs.hoy.es\/moterosdehoy\/wp-json\/wp\/v2\/tags?post=2073"}],"curies":[{"name":"wp","href":"https:\/\/api.w.org\/{rel}","templated":true}]}}