{"id":2118,"date":"2017-03-02T11:25:14","date_gmt":"2017-03-02T11:25:14","guid":{"rendered":"http:\/\/blogs.hoy.es\/moterosdehoy\/?p=2118"},"modified":"2017-03-02T11:25:14","modified_gmt":"2017-03-02T11:25:14","slug":"mercadillo-motero-de-marzo-en-badajoz","status":"publish","type":"post","link":"https:\/\/blogs.hoy.es\/moterosdehoy\/2017\/03\/02\/mercadillo-motero-de-marzo-en-badajoz\/","title":{"rendered":"Mercadillo motero de marzo en Badajoz"},"content":{"rendered":"<h3>En marzo tambi\u00e9n tendremos mercadillo motero en la sede del Custom Club Moteros de Hoy.<\/h3>\n<p>Aunque se hab\u00eda anunciado en un principio que habr\u00eda mercadillo motero todos los primeros fines de semana de cada mes, y que se ir\u00eda alternando entre domingos y s\u00e1bados para que hubiera para todos los gustos, vamos a por la tercera edici\u00f3n y seguir\u00e1 realiz\u00e1ndose en domingo. En \u00e9sta tercera edici\u00f3n se iba a realizar en s\u00e1bado, pero concretamente el s\u00e1bado d\u00eda 4 de marzo comienza una concentraci\u00f3n motera muy buena en Mairena del Aljarafe (Sevilla), que se prolongar\u00e1 durante el domingo, es de la mano de &#8220;El Myzil Club Motero&#8221;, y del que dejo un <a title=\"D\u00e9cima concentraci\u00f3n motera El Myzil CM\" href=\"https:\/\/www.facebook.com\/events\/1683414845306980\/\" target=\"_blank\" rel=\"external nofollow\">enlace a su evento publicado en facebook<\/a> para los interesados, \u00e9sta ser\u00e1 su d\u00e9cima concentraci\u00f3n y pinta muy bien.<\/p>\n<p><a href=\"\/moterosdehoy\/wp-content\/uploads\/sites\/45\/2017\/03\/Mercadillo-moteros-de-hoy-00.jpg\"><img loading=\"lazy\" class=\"alignleft size-medium wp-image-2119\" title=\"Mercadillo moteros de hoy 00\" src=\"\/moterosdehoy\/wp-content\/uploads\/sites\/45\/2017\/03\/Mercadillo-moteros-de-hoy-00.jpg\" alt=\"\" width=\"300\" height=\"225\" srcset=\"https:\/\/static-blogs.hoy.es\/wp-content\/uploads\/sites\/45\/2017\/03\/Mercadillo-moteros-de-hoy-00.jpg 4032w, https:\/\/static-blogs.hoy.es\/wp-content\/uploads\/sites\/45\/2017\/03\/Mercadillo-moteros-de-hoy-00-300x225.jpg 300w, https:\/\/static-blogs.hoy.es\/wp-content\/uploads\/sites\/45\/2017\/03\/Mercadillo-moteros-de-hoy-00-768x576.jpg 768w, https:\/\/static-blogs.hoy.es\/wp-content\/uploads\/sites\/45\/2017\/03\/Mercadillo-moteros-de-hoy-00-1024x768.jpg 1024w\" sizes=\"(max-width: 300px) 100vw, 300px\" \/><\/a>Para los que no podamos ir a Sevilla, o para la vuelta de all\u00ed, tendremos el tercer mercadillo motero en Badajoz, como en ediciones anteriores ser\u00e1 en la sede del Custom Club Moteros de Hoy, <!--more-->situado en C\/. Nueva Creaci\u00f3n, s\/n, de Badajoz, concretamente tras el restaurante el Tranv\u00eda, en el Pol\u00edgono de El Nevero.<\/p>\n<p>Nuevamente dar\u00e1 comienzo a las 11:30 horas, y los que tengan pensado llevar cosas para exponerlas para su venta recordar llegar un poco antes, m\u00e1s que nada por colocar la cosas y si quer\u00e9is tomar un caf\u00e9 tranquilos. Se recuerda que el Custom Club Moteros de Hoy, no se responsabiliza de la venta o cambio de las cosas que all\u00ed se realicen, pues lo \u00fanico que hace es dejar su local para que se re\u00fana el personal, las transacciones son particulares de cada cual.<\/p>\n<p>Sobre las 12:45 horas como hasta ahora tendremos alg\u00fan picoteo, en \u00e9sta ocasi\u00f3n habr\u00e1 &#8220;huevo con chistorra y pan&#8221; por UN EURO, hasta fin de existencias.<\/p>\n<p>Para poder participar en el mercadillo motero puedes ir libremente para ver que hay, y en caso de que tengas accesorios moteros o piezas de motocicletas puedes llevarlos e intentar venderlos, seguro que tienes suerte y vendes algo, o lo cambias por algo que veas all\u00ed.<\/p>\n<p>No lo dudes y acude a pasar un buen rato.<\/p>\n<p>\u00c9ste fin de semana el tiempo estar\u00e1 revuelto, pero recuerda que all\u00ed estar\u00e1s bajo techo, y si hay mal tiempo siempre puedes acudir enlatado. Bueno para los que segu\u00eds el blog pero no est\u00e1is totalmente familiarizados con el mundo motero, ir enlatado significa ir en coche.<\/p>\n<p>Os dejo unas fotos de ediciones anteriores del mercadillo motero, que seguro os animar\u00e1 a pasar por all\u00ed.<\/p>\n\n\t\t<style type=\"text\/css\">\n\t\t\t#gallery-1 {\n\t\t\t\tmargin: auto;\n\t\t\t}\n\t\t\t#gallery-1 .gallery-item {\n\t\t\t\tfloat: left;\n\t\t\t\tmargin-top: 10px;\n\t\t\t\ttext-align: center;\n\t\t\t\twidth: 25%;\n\t\t\t}\n\t\t\t#gallery-1 img {\n\t\t\t\tborder: 2px solid #cfcfcf;\n\t\t\t}\n\t\t\t#gallery-1 .gallery-caption {\n\t\t\t\tmargin-left: 0;\n\t\t\t}\n\t\t\t\/* see gallery_shortcode() in wp-includes\/media.php *\/\n\t\t<\/style>\n\t\t<div id='gallery-1' class='gallery galleryid-2118 gallery-columns-4 gallery-size-thumbnail'><dl class='gallery-item'>\n\t\t\t<dt class='gallery-icon landscape'>\n\t\t\t\t<a href=\"https:\/\/static-blogs.hoy.es\/wp-content\/uploads\/sites\/45\/2017\/03\/Mercadillo-moteros-de-hoy-00.jpg\"><img width=\"150\" height=\"150\" src=\"https:\/\/static-blogs.hoy.es\/wp-content\/uploads\/sites\/45\/2017\/03\/Mercadillo-moteros-de-hoy-00-150x150.jpg\" class=\"attachment-thumbnail size-thumbnail\" alt=\"\" loading=\"lazy\" \/><\/a>\n\t\t\t<\/dt><\/dl><dl class='gallery-item'>\n\t\t\t<dt class='gallery-icon landscape'>\n\t\t\t\t<a href=\"https:\/\/static-blogs.hoy.es\/wp-content\/uploads\/sites\/45\/2017\/03\/Mercadillo-moteros-de-hoy-01.jpg\"><img width=\"150\" height=\"150\" src=\"https:\/\/static-blogs.hoy.es\/wp-content\/uploads\/sites\/45\/2017\/03\/Mercadillo-moteros-de-hoy-01-150x150.jpg\" class=\"attachment-thumbnail size-thumbnail\" alt=\"\" loading=\"lazy\" \/><\/a>\n\t\t\t<\/dt><\/dl><dl class='gallery-item'>\n\t\t\t<dt class='gallery-icon landscape'>\n\t\t\t\t<a href=\"https:\/\/static-blogs.hoy.es\/wp-content\/uploads\/sites\/45\/2017\/03\/Mercadillo-moteros-de-hoy-02.jpg\"><img width=\"150\" height=\"150\" src=\"https:\/\/static-blogs.hoy.es\/wp-content\/uploads\/sites\/45\/2017\/03\/Mercadillo-moteros-de-hoy-02-150x150.jpg\" class=\"attachment-thumbnail size-thumbnail\" alt=\"\" loading=\"lazy\" \/><\/a>\n\t\t\t<\/dt><\/dl><dl class='gallery-item'>\n\t\t\t<dt class='gallery-icon landscape'>\n\t\t\t\t<a href=\"https:\/\/static-blogs.hoy.es\/wp-content\/uploads\/sites\/45\/2017\/03\/Mercadillo-moteros-de-hoy-03.jpg\"><img width=\"150\" height=\"150\" src=\"https:\/\/static-blogs.hoy.es\/wp-content\/uploads\/sites\/45\/2017\/03\/Mercadillo-moteros-de-hoy-03-150x150.jpg\" class=\"attachment-thumbnail size-thumbnail\" alt=\"\" loading=\"lazy\" \/><\/a>\n\t\t\t<\/dt><\/dl><br style=\"clear: both\" \/><dl class='gallery-item'>\n\t\t\t<dt class='gallery-icon landscape'>\n\t\t\t\t<a href=\"https:\/\/static-blogs.hoy.es\/wp-content\/uploads\/sites\/45\/2017\/03\/Mercadillo-moteros-de-hoy-04.jpg\"><img width=\"150\" height=\"150\" src=\"https:\/\/static-blogs.hoy.es\/wp-content\/uploads\/sites\/45\/2017\/03\/Mercadillo-moteros-de-hoy-04-150x150.jpg\" class=\"attachment-thumbnail size-thumbnail\" alt=\"\" loading=\"lazy\" \/><\/a>\n\t\t\t<\/dt><\/dl><dl class='gallery-item'>\n\t\t\t<dt class='gallery-icon landscape'>\n\t\t\t\t<a href=\"https:\/\/static-blogs.hoy.es\/wp-content\/uploads\/sites\/45\/2017\/03\/Mercadillo-moteros-de-hoy-05.jpg\"><img width=\"150\" height=\"150\" src=\"https:\/\/static-blogs.hoy.es\/wp-content\/uploads\/sites\/45\/2017\/03\/Mercadillo-moteros-de-hoy-05-150x150.jpg\" class=\"attachment-thumbnail size-thumbnail\" alt=\"\" loading=\"lazy\" \/><\/a>\n\t\t\t<\/dt><\/dl><dl class='gallery-item'>\n\t\t\t<dt class='gallery-icon landscape'>\n\t\t\t\t<a href=\"https:\/\/static-blogs.hoy.es\/wp-content\/uploads\/sites\/45\/2017\/03\/Mercadillo-moteros-de-hoy-06.jpg\"><img width=\"150\" height=\"150\" src=\"https:\/\/static-blogs.hoy.es\/wp-content\/uploads\/sites\/45\/2017\/03\/Mercadillo-moteros-de-hoy-06-150x150.jpg\" class=\"attachment-thumbnail size-thumbnail\" alt=\"\" loading=\"lazy\" \/><\/a>\n\t\t\t<\/dt><\/dl><dl class='gallery-item'>\n\t\t\t<dt class='gallery-icon landscape'>\n\t\t\t\t<a href=\"https:\/\/static-blogs.hoy.es\/wp-content\/uploads\/sites\/45\/2017\/03\/Mercadillo-moteros-de-hoy-07.jpg\"><img width=\"150\" height=\"150\" src=\"https:\/\/static-blogs.hoy.es\/wp-content\/uploads\/sites\/45\/2017\/03\/Mercadillo-moteros-de-hoy-07-150x150.jpg\" class=\"attachment-thumbnail size-thumbnail\" alt=\"\" loading=\"lazy\" \/><\/a>\n\t\t\t<\/dt><\/dl><br style=\"clear: both\" \/><dl class='gallery-item'>\n\t\t\t<dt class='gallery-icon landscape'>\n\t\t\t\t<a href=\"https:\/\/static-blogs.hoy.es\/wp-content\/uploads\/sites\/45\/2017\/03\/Mercadillo-moteros-de-hoy-08.jpg\"><img width=\"150\" height=\"150\" src=\"https:\/\/static-blogs.hoy.es\/wp-content\/uploads\/sites\/45\/2017\/03\/Mercadillo-moteros-de-hoy-08-150x150.jpg\" class=\"attachment-thumbnail size-thumbnail\" alt=\"\" loading=\"lazy\" \/><\/a>\n\t\t\t<\/dt><\/dl><dl class='gallery-item'>\n\t\t\t<dt class='gallery-icon landscape'>\n\t\t\t\t<a href=\"https:\/\/static-blogs.hoy.es\/wp-content\/uploads\/sites\/45\/2017\/03\/Mercadillo-moteros-de-hoy-09.jpg\"><img width=\"150\" height=\"150\" src=\"https:\/\/static-blogs.hoy.es\/wp-content\/uploads\/sites\/45\/2017\/03\/Mercadillo-moteros-de-hoy-09-150x150.jpg\" class=\"attachment-thumbnail size-thumbnail\" alt=\"\" loading=\"lazy\" \/><\/a>\n\t\t\t<\/dt><\/dl><dl class='gallery-item'>\n\t\t\t<dt class='gallery-icon landscape'>\n\t\t\t\t<a href=\"https:\/\/static-blogs.hoy.es\/wp-content\/uploads\/sites\/45\/2017\/03\/Mercadillo-moteros-de-hoy-10.jpg\"><img width=\"150\" height=\"150\" src=\"https:\/\/static-blogs.hoy.es\/wp-content\/uploads\/sites\/45\/2017\/03\/Mercadillo-moteros-de-hoy-10-150x150.jpg\" class=\"attachment-thumbnail size-thumbnail\" alt=\"\" loading=\"lazy\" \/><\/a>\n\t\t\t<\/dt><\/dl>\n\t\t\t<br style='clear: both' \/>\n\t\t<\/div>\n\n<p>Para la edici\u00f3n de Abril, ya anuncio que no ser\u00e1 el domingo d\u00eda dos, pues ese d\u00eda habr\u00e1 una movilizaci\u00f3n nacional a favor de la Seguridad de los Motoristas en las carreteras, que en Extremadura se realizar\u00e1 de modo conjunto de las dos provincias en M\u00e9rida. En breve lo publicar\u00e9, de momento hay algo por <a title=\"Movilizaci\u00f3n de motoristas por la Seguridad en Extremadura\" href=\"https:\/\/www.facebook.com\/events\/364642087268024\/\" target=\"_blank\" rel=\"external nofollow\">facebook<\/a>.<\/p>\n<p>Saludos y r\u00e1fagas.<\/p>\n<p>&nbsp;<\/p>\n<p>&nbsp;<\/p>\n<!-- AddThis Advanced Settings generic via filter on the_content --><!-- AddThis Share Buttons generic via filter on the_content -->","protected":false},"excerpt":{"rendered":"<p>En marzo tambi\u00e9n tendremos mercadillo motero en la sede del Custom Club Moteros de Hoy. Aunque se hab\u00eda anunciado en un principio que habr\u00eda mercadillo motero todos los primeros fines de semana de cada mes, y que se ir\u00eda alternando entre domingos y s\u00e1bados para que hubiera para todos los gustos, vamos a por la [&hellip;]<!-- AddThis Advanced Settings generic via filter on get_the_excerpt --><!-- AddThis Share Buttons generic via filter on get_the_excerpt --><\/p>\n","protected":false},"author":49,"featured_media":0,"comment_status":"open","ping_status":"closed","sticky":false,"template":"","format":"standard","meta":[],"categories":[9,13],"tags":[328,1044,594,622,1052],"_links":{"self":[{"href":"https:\/\/blogs.hoy.es\/moterosdehoy\/wp-json\/wp\/v2\/posts\/2118"}],"collection":[{"href":"https:\/\/blogs.hoy.es\/moterosdehoy\/wp-json\/wp\/v2\/posts"}],"about":[{"href":"https:\/\/blogs.hoy.es\/moterosdehoy\/wp-json\/wp\/v2\/types\/post"}],"author":[{"embeddable":true,"href":"https:\/\/blogs.hoy.es\/moterosdehoy\/wp-json\/wp\/v2\/users\/49"}],"replies":[{"embeddable":true,"href":"https:\/\/blogs.hoy.es\/moterosdehoy\/wp-json\/wp\/v2\/comments?post=2118"}],"version-history":[{"count":0,"href":"https:\/\/blogs.hoy.es\/moterosdehoy\/wp-json\/wp\/v2\/posts\/2118\/revisions"}],"wp:attachment":[{"href":"https:\/\/blogs.hoy.es\/moterosdehoy\/wp-json\/wp\/v2\/media?parent=2118"}],"wp:term":[{"taxonomy":"category","embeddable":true,"href":"https:\/\/blogs.hoy.es\/moterosdehoy\/wp-json\/wp\/v2\/categories?post=2118"},{"taxonomy":"post_tag","embeddable":true,"href":"https:\/\/blogs.hoy.es\/moterosdehoy\/wp-json\/wp\/v2\/tags?post=2118"}],"curies":[{"name":"wp","href":"https:\/\/api.w.org\/{rel}","templated":true}]}}