{"id":2131,"date":"2017-03-07T09:47:38","date_gmt":"2017-03-07T09:47:38","guid":{"rendered":"http:\/\/blogs.hoy.es\/moterosdehoy\/?p=2131"},"modified":"2017-03-07T09:47:38","modified_gmt":"2017-03-07T09:47:38","slug":"v-aniversario-pub-refugio","status":"publish","type":"post","link":"https:\/\/blogs.hoy.es\/moterosdehoy\/2017\/03\/07\/v-aniversario-pub-refugio\/","title":{"rendered":"V Aniversario Pub Refugio"},"content":{"rendered":"<h2>Nuestro querido Pub Motero de Badajoz, celebrar\u00e1 \u00e9ste fin de semana su quinto aniversario.<\/h2>\n<p><a href=\"\/moterosdehoy\/wp-content\/uploads\/sites\/45\/2017\/03\/2017-03-Badajoz.jpg\"><img loading=\"lazy\" class=\"alignleft size-medium wp-image-2132\" title=\"2017-03 Badajoz\" src=\"\/moterosdehoy\/wp-content\/uploads\/sites\/45\/2017\/03\/2017-03-Badajoz.jpg\" alt=\"\" width=\"213\" height=\"300\" srcset=\"https:\/\/static-blogs.hoy.es\/wp-content\/uploads\/sites\/45\/2017\/03\/2017-03-Badajoz.jpg 480w, https:\/\/static-blogs.hoy.es\/wp-content\/uploads\/sites\/45\/2017\/03\/2017-03-Badajoz-214x300.jpg 214w\" sizes=\"(max-width: 213px) 100vw, 213px\" \/><\/a>El mundo de la moto no es solo subirse a ella y rodar, tambi\u00e9n hay que bajarse de vez en cuando, contar experiencias con los colegas, an\u00e9cdotas, rutas, aver\u00edas, vivencias&#8230; y que mejor lugar que un bar.<\/p>\n<p>Pues en Badajoz tenemos nuestro &#8220;refugio&#8221;, de la mano de Estefi, <!--more-->que ya mismo le galardonar\u00e1n con el t\u00edtulo de psic\u00f3loga, o mejor de psiquiatra aunque sea por aguantarnos, y \u00e9ste fin de semana est\u00e1 de fiesta, celebra nada menos que su &#8220;<a title=\"Evento en facebook\" href=\"https:\/\/www.facebook.com\/events\/462603207463904\/\" target=\"_blank\" rel=\"external nofollow\">V Aniversario del Pub Refugio<\/a>&#8220;, en concreto ser\u00e1 el s\u00e1bado 11 de marzo a partir de las 14:00 horas. Dicho Pub est\u00e1 en la calle Rafael Lucenqui, n\u00ba 9, de <a title=\"Turismo en Badajoz\" href=\"http:\/\/www.turismobadajoz.es\/\" target=\"_blank\" rel=\"external nofollow\">Badajoz<\/a>.<\/p>\n<p>Si te gustan las motos acude a la cita seguro que ver\u00e1s muchas por la calle, y sobre todo si te gusta la m\u00fasica heavy, la cerveza fr\u00eda, y la compa\u00f1\u00eda de buena gente, ya sabes tu local.<a href=\"\/moterosdehoy\/wp-content\/uploads\/sites\/45\/2017\/03\/V-aniversario-Pub-Refugio.jpg\"><img loading=\"lazy\" class=\"alignright size-medium wp-image-2133\" title=\"V aniversario Pub Refugio\" src=\"\/moterosdehoy\/wp-content\/uploads\/sites\/45\/2017\/03\/V-aniversario-Pub-Refugio.jpg\" alt=\"\" width=\"225\" height=\"300\" srcset=\"https:\/\/static-blogs.hoy.es\/wp-content\/uploads\/sites\/45\/2017\/03\/V-aniversario-Pub-Refugio.jpg 3024w, https:\/\/static-blogs.hoy.es\/wp-content\/uploads\/sites\/45\/2017\/03\/V-aniversario-Pub-Refugio-225x300.jpg 225w, https:\/\/static-blogs.hoy.es\/wp-content\/uploads\/sites\/45\/2017\/03\/V-aniversario-Pub-Refugio-768x1024.jpg 768w\" sizes=\"(max-width: 225px) 100vw, 225px\" \/><\/a><\/p>\n<p>Entre todos vamos a intentar que siga con ganas de aguantarnos otros muchos a\u00f1os. Ella por su parte pondr\u00e1 cari\u00f1o y algo de picoteo, para tenernos entretenidos.<\/p>\n<p>Nos vemos en el refu.<\/p>\n<p>Saludos y r\u00e1fagas.<\/p>\n<!-- AddThis Advanced Settings generic via filter on the_content --><!-- AddThis Share Buttons generic via filter on the_content -->","protected":false},"excerpt":{"rendered":"<p>Nuestro querido Pub Motero de Badajoz, celebrar\u00e1 \u00e9ste fin de semana su quinto aniversario. El mundo de la moto no es solo subirse a ella y rodar, tambi\u00e9n hay que bajarse de vez en cuando, contar experiencias con los colegas, an\u00e9cdotas, rutas, aver\u00edas, vivencias&#8230; y que mejor lugar que un bar. Pues en Badajoz tenemos [&hellip;]<!-- AddThis Advanced Settings generic via filter on get_the_excerpt --><!-- AddThis Share Buttons generic via filter on get_the_excerpt --><\/p>\n","protected":false},"author":49,"featured_media":0,"comment_status":"open","ping_status":"closed","sticky":false,"template":"","format":"standard","meta":[],"categories":[9,13],"tags":[622,677,1053,1056],"_links":{"self":[{"href":"https:\/\/blogs.hoy.es\/moterosdehoy\/wp-json\/wp\/v2\/posts\/2131"}],"collection":[{"href":"https:\/\/blogs.hoy.es\/moterosdehoy\/wp-json\/wp\/v2\/posts"}],"about":[{"href":"https:\/\/blogs.hoy.es\/moterosdehoy\/wp-json\/wp\/v2\/types\/post"}],"author":[{"embeddable":true,"href":"https:\/\/blogs.hoy.es\/moterosdehoy\/wp-json\/wp\/v2\/users\/49"}],"replies":[{"embeddable":true,"href":"https:\/\/blogs.hoy.es\/moterosdehoy\/wp-json\/wp\/v2\/comments?post=2131"}],"version-history":[{"count":0,"href":"https:\/\/blogs.hoy.es\/moterosdehoy\/wp-json\/wp\/v2\/posts\/2131\/revisions"}],"wp:attachment":[{"href":"https:\/\/blogs.hoy.es\/moterosdehoy\/wp-json\/wp\/v2\/media?parent=2131"}],"wp:term":[{"taxonomy":"category","embeddable":true,"href":"https:\/\/blogs.hoy.es\/moterosdehoy\/wp-json\/wp\/v2\/categories?post=2131"},{"taxonomy":"post_tag","embeddable":true,"href":"https:\/\/blogs.hoy.es\/moterosdehoy\/wp-json\/wp\/v2\/tags?post=2131"}],"curies":[{"name":"wp","href":"https:\/\/api.w.org\/{rel}","templated":true}]}}