{"id":2135,"date":"2017-03-13T12:28:30","date_gmt":"2017-03-13T12:28:30","guid":{"rendered":"http:\/\/blogs.hoy.es\/moterosdehoy\/?p=2135"},"modified":"2017-03-13T12:28:30","modified_gmt":"2017-03-13T12:28:30","slug":"movilizacion-nacional-por-la-seguridad-vial","status":"publish","type":"post","link":"https:\/\/blogs.hoy.es\/moterosdehoy\/2017\/03\/13\/movilizacion-nacional-por-la-seguridad-vial\/","title":{"rendered":"Movilizaci\u00f3n Nacional por la Seguridad Vial de los Motociclistas"},"content":{"rendered":"<h2>El colectivo motero lleva a\u00f1os reivindicando mejoras en nuestras carreteras, por ello, el 02 de Abril tendr\u00e1 lugar una manifestaci\u00f3n Nacional por la Seguridad Vial de los motociclistas.<\/h2>\n<div id=\"attachment_2136\" style=\"width: 310px\" class=\"wp-caption alignleft\"><a href=\"\/moterosdehoy\/wp-content\/uploads\/sites\/45\/2017\/03\/Guardarrailes-2017_.jpg\"><img aria-describedby=\"caption-attachment-2136\" loading=\"lazy\" class=\"size-medium wp-image-2136\" title=\"Guardarrailes 2017_\" src=\"\/moterosdehoy\/wp-content\/uploads\/sites\/45\/2017\/03\/Guardarrailes-2017_.jpg\" alt=\"\" width=\"300\" height=\"207\" srcset=\"https:\/\/static-blogs.hoy.es\/wp-content\/uploads\/sites\/45\/2017\/03\/Guardarrailes-2017_.jpg 4961w, https:\/\/static-blogs.hoy.es\/wp-content\/uploads\/sites\/45\/2017\/03\/Guardarrailes-2017_-300x207.jpg 300w, https:\/\/static-blogs.hoy.es\/wp-content\/uploads\/sites\/45\/2017\/03\/Guardarrailes-2017_-768x530.jpg 768w, https:\/\/static-blogs.hoy.es\/wp-content\/uploads\/sites\/45\/2017\/03\/Guardarrailes-2017_-1024x707.jpg 1024w\" sizes=\"(max-width: 300px) 100vw, 300px\" \/><\/a><p id=\"caption-attachment-2136\" class=\"wp-caption-text\">Cartel del evento en Extremadura<\/p><\/div>\n<p>La manifestaci\u00f3n se llevar\u00e1 a cabo en 17 puntos de toda la geograf\u00eda nacional, a nivel provincial, lo que implica una gran reivindicaci\u00f3n. En el caso de Extremadura se ha optado por hacer una sola uniendo las fuerzas de los motociclistas de ambas provincias.<\/p>\n<p><strong>El punto de encuentro ser\u00e1 a las 12 horas en el parking del Centro Comercial &#8220;La Heredad&#8221;, sito junto a la antigua N-V en la traves\u00eda de M\u00e9rida<\/strong>.<\/p>\n<p>A las 12:30h, se iniciar\u00e1 una ruta por la localidad de M\u00e9rida, guiados por personal de FEMOTEX, y a las 13:00h, se realizar\u00e1 una lectura de manifiesto a favor de mayor Seguridad Vial.<\/p>\n<p>Una vez concluida la lectura, finaliza la quedada.<\/p>\n<p>Es de prever que en muchas localidades se unan en alg\u00fan punto para acudir los motociclistas unidos, para estar al medio d\u00eda en M\u00e9rida, en el caso de <strong>Badajoz nos uniremos para desayunar en &#8220;El B\u00e1 de Fran&#8221;<\/strong> (parque de San Fernando) <strong>a las 10:00h<\/strong>, donde Fran invitar\u00e1 a migas a los primeros cuarenta que lleguen. <strong>A las 11:00h, iniciaremos ruta<\/strong>\u00a0de la mano de la Asociaci\u00f3n Moteros de Hoy, por G\u00e9vora, Montijo, Esparragalejo&#8230; a M\u00e9rida, donde nos uniremos al resto.<!--more--><\/p>\n<p>Desde el mes de agosto de 2015 y de la mano de un equipo t\u00e9cnico, en el cual forma parte Juan Carlos Toribio Ramos, hoy d\u00eda activista social, se cre\u00f3 como Plataforma Ciudadana, la ONG, Uni\u00f3n Internacional para la Defensa de los Motociclistas \u201c<a title=\"Web IMU\" href=\"https:\/\/defensamotociclista.wordpress.com\/\" target=\"_blank\" rel=\"external nofollow\">IMU<\/a>\u201d. Dicha ONG solicita el apoyo de todos los ciudadanos y medios de comunicaci\u00f3n, para que nos unamos en cualquiera de las manifestaciones convocadas para el dos de abril de 2017, siguiendo la estrat\u00e9gica nacional de reivindicaci\u00f3n de la seguridad.<\/p>\n<p>El objetivo: Seguir luchando por el derecho a la seguridad de todos los ciudadanos motociclistas.<\/p>\n<div id=\"attachment_2137\" style=\"width: 241px\" class=\"wp-caption alignright\"><a href=\"\/moterosdehoy\/wp-content\/uploads\/sites\/45\/2017\/03\/Manifiesto-abril-2017.jpg\"><img aria-describedby=\"caption-attachment-2137\" loading=\"lazy\" class=\"size-medium wp-image-2137\" title=\"Manifiesto-abril-2017\" src=\"\/moterosdehoy\/wp-content\/uploads\/sites\/45\/2017\/03\/Manifiesto-abril-2017.jpg\" alt=\"\" width=\"231\" height=\"300\" srcset=\"https:\/\/static-blogs.hoy.es\/wp-content\/uploads\/sites\/45\/2017\/03\/Manifiesto-abril-2017.jpg 768w, https:\/\/static-blogs.hoy.es\/wp-content\/uploads\/sites\/45\/2017\/03\/Manifiesto-abril-2017-232x300.jpg 232w\" sizes=\"(max-width: 231px) 100vw, 231px\" \/><\/a><p id=\"caption-attachment-2137\" class=\"wp-caption-text\">Manifiesto que se leer\u00e1<\/p><\/div>\n<p>La reivindicaci\u00f3n es clara y tiene dos puntos principales:<\/p>\n<p>1-\u00a0\u00a0\u00a0 Por una administraci\u00f3n que cumpla la Ley.<\/p>\n<p>2-\u00a0\u00a0\u00a0 Por el derecho a la seguridad sin condici\u00f3n alguna contraria a Ley.<\/p>\n<p>Basada en los siguientes fundamentos de derecho:<\/p>\n<ul>\n<li>El respeto a la Ley y a las normas t\u00e9cnicas desde las administraciones p\u00fablicas (Art. 9 CE).<\/li>\n<li>El respeto al derecho a no ser discriminados protegiendo todos los guardarrailes existentes (Art. 14 CE).<\/li>\n<li>El respeto al derecho a una seguridad eficaz apoyada en argumentos t\u00e9cnicos y no medi\u00e1ticos (Art. 17 CE).<\/li>\n<li>El derecho a una seguridad jur\u00eddica digna investigando los accidentes de tr\u00e1fico de motociclistas con conocimiento, eficacia y objetividad.<\/li>\n<\/ul>\n<p><strong><a href=\"\/moterosdehoy\/wp-content\/uploads\/sites\/45\/2017\/03\/Movilizaci\u00f3n-guardarrailes.jpg\"><img loading=\"lazy\" class=\"alignleft size-medium wp-image-2138\" title=\"Movilizaci\u00f3n guardarrailes\" src=\"\/moterosdehoy\/wp-content\/uploads\/sites\/45\/2017\/03\/Movilizaci\u00f3n-guardarrailes.jpg\" alt=\"\" width=\"300\" height=\"225\" srcset=\"https:\/\/static-blogs.hoy.es\/wp-content\/uploads\/sites\/45\/2017\/03\/Movilizaci\u00f3n-guardarrailes.jpg 960w, https:\/\/static-blogs.hoy.es\/wp-content\/uploads\/sites\/45\/2017\/03\/Movilizaci\u00f3n-guardarrailes-300x225.jpg 300w, https:\/\/static-blogs.hoy.es\/wp-content\/uploads\/sites\/45\/2017\/03\/Movilizaci\u00f3n-guardarrailes-768x576.jpg 768w\" sizes=\"(max-width: 300px) 100vw, 300px\" \/><\/a>Por ello, nos reuniremos en muestra de uni\u00f3n y disconformidad, diciendo BASTA YA y exigiendo nuestro derecho a la libertad con seguridad sin condici\u00f3n alguna contraria a la Ley.<\/strong><\/p>\n<p>Seg\u00fan <a title=\"Movilizaci\u00f3n por la Seguridad de los motociclistas\" href=\"https:\/\/www.seguridadmotociclistas.es\/manifestacion-2-octubre\/\" target=\"_blank\" rel=\"external nofollow\">su p\u00e1gina web<\/a> habr\u00e1 puntos de encuentro en:<\/p>\n<p><strong><span style=\"text-decoration: underline;\">Comunidad Aut\u00f3noma de Catalu\u00f1a<\/span><\/strong><\/p>\n<p><strong>Zona: CA. Catalu\u00f1a. Barcelona.<\/strong><\/p>\n<p>Coordinan: IMU y AMC.<\/p>\n<ul>\n<li><strong><span style=\"text-decoration: underline;\">Lugar<\/span><\/strong>: Barcelona.\u00a0<strong><span style=\"text-decoration: underline;\">Fecha<\/span><\/strong>: 02 de abril de 2017.<\/li>\n<li><span style=\"text-decoration: underline;\">Punto de salida<\/span>: Final calle La Marina sobre Puerto Ol\u00edmpico.<\/li>\n<li><span style=\"text-decoration: underline;\">Punto final<\/span>: Estaci\u00f3n de Sanz (carrer Numancia).<\/li>\n<li>Hora: 11:00 horas.<\/li>\n<li>Duraci\u00f3n prevista: De 11: 00 a 14:00 horas.<\/li>\n<li>Itinerario: Encuentro y lectura de manifiesto.<\/li>\n<li>Lectura de manifiesto. Itinerario: Carrer de la Marina, carrer de la Diputaci\u00f3n, carrer Girona, Avinguda Diagonal, plaza Francesc Maci\u00e1 y Av. De Josep Tarradellas.<\/li>\n<\/ul>\n<p>Correo:\u00a0<span><a href=\"mailto:manifestaci%C3%B3n@defensamotociclistas.org\">manifestacion@defensamotociclistas.org<\/a>\u00a0<\/span>Contacto: JC Toribio, Tfno.: 605 806 676<\/p>\n<p>Itinerario:\u00a0<a href=\"https:\/\/www.seguridadmotociclistas.es\/wp-content\/uploads\/2016\/05\/Ruta-1-dia-02-04.pdf\" rel=\"external nofollow\">Ruta 1 dia 02-04<\/a><\/p>\n<p>&nbsp;<\/p>\n<p><strong><span style=\"text-decoration: underline;\">Comunidad Aut\u00f3noma de Madrid<\/span><\/strong><\/p>\n<p><strong>Zona: CA Madrid. Madrid<\/strong><\/p>\n<p>Coordinan: IMU.<\/p>\n<p>Correo:\u00a0<span><a href=\"mailto:manifestaci%C3%B3n@defensamotociclistas.org\">manifestacion@defensamotociclistas.org<\/a>\u00a0<\/span>Contacto: Juan (630 040 339), Robert (686 010 898)<\/p>\n<p>&nbsp;<\/p>\n<p><strong><span style=\"text-decoration: underline;\">Zona: CA Galicia.<\/span><\/strong><\/p>\n<p><strong>Santiago de Compostela.<\/strong><\/p>\n<p>Coordinan: IMU y DOC DCE<\/p>\n<p>Correo:\u00a0<span><a href=\"mailto:manifestaci%C3%B3n@defensamotociclistas.org\">manifestacion@defensamotociclistas.org<\/a>\u00a0,\u00a0<\/span><span><a href=\"mailto:d_galicia@defensamotociclistas.org\">d_galicia@defensamotociclistas.org<\/a>\u00a0<\/span>Contacto: Sandra. Tfno.: 626 575 533, Apoyo: Jose 661 843 519<\/p>\n<p>&nbsp;<\/p>\n<p><strong><span style=\"text-decoration: underline;\">Zona: CA Extremadura.<a href=\"\/moterosdehoy\/wp-content\/uploads\/sites\/45\/2017\/03\/Movilizaci\u00f3n-Guardarrailes-Badajoz.jpg\"><img loading=\"lazy\" class=\"alignright size-medium wp-image-2140\" title=\"Movilizaci\u00f3n Guardarrailes Badajoz\" src=\"\/moterosdehoy\/wp-content\/uploads\/sites\/45\/2017\/03\/Movilizaci\u00f3n-Guardarrailes-Badajoz.jpg\" alt=\"\" width=\"300\" height=\"207\" srcset=\"https:\/\/static-blogs.hoy.es\/wp-content\/uploads\/sites\/45\/2017\/03\/Movilizaci\u00f3n-Guardarrailes-Badajoz.jpg 2048w, https:\/\/static-blogs.hoy.es\/wp-content\/uploads\/sites\/45\/2017\/03\/Movilizaci\u00f3n-Guardarrailes-Badajoz-300x207.jpg 300w, https:\/\/static-blogs.hoy.es\/wp-content\/uploads\/sites\/45\/2017\/03\/Movilizaci\u00f3n-Guardarrailes-Badajoz-768x530.jpg 768w, https:\/\/static-blogs.hoy.es\/wp-content\/uploads\/sites\/45\/2017\/03\/Movilizaci\u00f3n-Guardarrailes-Badajoz-1024x707.jpg 1024w\" sizes=\"(max-width: 300px) 100vw, 300px\" \/><\/a><\/span><\/strong><\/p>\n<p><strong>M\u00e9rida (Badajoz)<\/strong><\/p>\n<p>Coordinan: IMU, Moteros de Hoy, Femotex.<\/p>\n<p>Correo: <a href=\"info@moterosdehoy.es\" target=\"_blank\">info@moterosdehoy.es<\/a> <a href=\"moterosdehoy@gmail.com\" target=\"_blank\">moterosdehoy@gmail.com<\/a> , Contacto: Tony 670 878 412, David 652 965 379<\/p>\n<p>&nbsp;<\/p>\n<p><strong><span style=\"text-decoration: underline;\">Zona: CA. Andaluc\u00eda.<\/span><\/strong><\/p>\n<p><strong>Zona C\u00e1diz.<\/strong><\/p>\n<p>Coordinan: Los tronco motos.<\/p>\n<p>Correo:\u00a0<span><a href=\"mailto:manifestaci%C3%B3n@defensamotociclistas.org\">lostroncomotos@hotmail.com<\/a>\u00a0,\u00a0<\/span>Contacto: Miguel 662 094 421<\/p>\n<p>&nbsp;<\/p>\n<p><strong>Zona C\u00f3rdoba.<\/strong><\/p>\n<p>Coordinan: IMU y DOC DCE<\/p>\n<p>Correo:\u00a0<span><a href=\"mailto:manifestaci%C3%B3n@defensamotociclistas.org\">manifestacion@defensamotociclistas.org<\/a>\u00a0<\/span>Contacto: Manuel 629 306 727<\/p>\n<p>&nbsp;<\/p>\n<p><strong><span style=\"text-decoration: underline;\">Zona: CA. Valencia.<\/span><\/strong><\/p>\n<p><strong>Zona: Castell\u00f3n.<\/strong><\/p>\n<p>Coordinan: Moteros Castell\u00f3n<\/p>\n<p>Correo:\u00a0<span style=\"text-decoration: underline;\"><a href=\"mailto:gadimanu@hotmail.com\">gadimanu@hotmail.com<\/a>\u00a0<\/span>Contacto: Manu. 615 613 337<\/p>\n<p>&nbsp;<\/p>\n<p><strong><span style=\"text-decoration: underline;\">Zona: CA. Castilla y Le\u00f3n.<\/span><\/strong><\/p>\n<p><strong>Zona: Valladolid.<\/strong><\/p>\n<p>Coordinan: IMU y DOC DCE<\/p>\n<p>Correo:\u00a0<span><a href=\"mailto:manifestaci%C3%B3n@defensamotociclistas.org\">manifestacion@defensamotociclistas.org<\/a>\u00a0<\/span>Contacto: Gorka 622 110 037, Apoyo organizaci\u00f3n: Daniel Robles (609 267 677)<\/p>\n<p>Itinerario previsto Valladolid:\u00a0<a href=\"https:\/\/www.seguridadmotociclistas.es\/wp-content\/uploads\/2016\/05\/Itinerario-Valladolid_Manifestaci%C3%B3n.pdf\" rel=\"external nofollow\">Itinerario Valladolid_Manifestaci\u00f3n<\/a><\/p>\n<p>&nbsp;<\/p>\n<p><strong><span style=\"text-decoration: underline;\">Comunidad Aut\u00f3noma de Arag\u00f3n.<\/span> <span style=\"color: #ff0000;\">Tendr\u00e1 lugar a las 17:00h por la marathon<\/span><\/strong><\/p>\n<p><strong>Zona: Zaragoza<\/strong><\/p>\n<p>Coordinan: Persona f\u00edsica<\/p>\n<p>Correo:\u00a0<span style=\"text-decoration: underline;\"><a href=\"mailto:charlyduc@hotmail.com\">charlyduc@hotmail.com<\/a>\u00a0<\/span>Contacto: Carlos Duc 656 633 901<\/p>\n<p>&nbsp;<\/p>\n<p><strong><span style=\"text-decoration: underline;\">Comunidad Aut\u00f3noma de Castilla La Mancha.<\/span><\/strong><\/p>\n<p><strong>Zona: Toledo<\/strong><\/p>\n<p>Coordinan: Persona f\u00edsica.<\/p>\n<p>Correo:\u00a0<span><a href=\"mailto:simon-burguillos@hotmail.com\">simon-burguillos@hotmail.com<\/a>\u00a0<\/span>Contacto: Sim\u00f3n. 619 081 115<\/p>\n<p>&nbsp;<\/p>\n<p><strong><span style=\"text-decoration: underline;\">Comunidad Aut\u00f3noma Islas Canarias.<\/span><\/strong><\/p>\n<p><strong>Zona: Lanzarote<\/strong><\/p>\n<p>Coordinan: Persona f\u00edsica.<\/p>\n<p>Correo:\u00a0<span><a href=\"mailto:manifestaci%C3%B3n@defensamotociclistas.org\">enanito44@hotmail.com<\/a>\u00a0<\/span>Contacto: M\u00e1ximo \u00a0629 468 308<\/p>\n<p>&nbsp;<\/p>\n<p><strong><span style=\"text-decoration: underline;\">Comunidad Aut\u00f3noma de Cantabria.<\/span><\/strong><\/p>\n<p><strong>Zona: Santander.<\/strong><\/p>\n<p>Coordinan: Persona f\u00edsica.<\/p>\n<p>Correo:\u00a0<span style=\"text-decoration: underline;\"><a href=\"mailto:puntoyaparteteam@gmail.com\">puntoyaparteteam@gmail.com<\/a>\u00a0<\/span>Contacto: Chus 667 522 804<\/p>\n<p>&nbsp;<\/p>\n<p><strong><span style=\"text-decoration: underline;\">Comunidad Aut\u00f3noma Pais Vasco.<\/span><\/strong><\/p>\n<p><strong>Zona: Bizkaia<\/strong><\/p>\n<p>Coordinan: Persona f\u00edsica.<\/p>\n<p>Correo:\u00a0<span style=\"text-decoration: underline;\"><a href=\"mailto:zurevento@gmail.com\">zurevento@gmail.com<\/a>\u00a0<\/span>Contacto: Jonatan 658 580 081<\/p>\n<p>&nbsp;<\/p>\n<p><strong><span style=\"text-decoration: underline;\">Comunidad Aut\u00f3noma de Asturias.<\/span><\/strong><\/p>\n<p><strong>Zona:<\/strong><\/p>\n<p>Coordinan: Persona f\u00edsica<\/p>\n<p>Correo:\u00a0<span style=\"text-decoration: underline;\"><a href=\"mailto:alnilam2002@hotmail.com\">alnilam2002@hotmail.com<\/a>\u00a0<\/span>Contacto: Oscar 607 457 537<\/p>\n<p>&nbsp;<\/p>\n<p>Seguro que en tu provincia o regi\u00f3n hay un punto de encuentro, ponte en contacto con ellos, en caso de que en tu regi\u00f3n no haya nada coordinado puedes contactar conmigo y te pondr\u00e9 en contacto con los organizadores.<\/p>\n<p>&nbsp;<\/p>\n<p>Saludos y r\u00e1fagas.<\/p>\n<!-- AddThis Advanced Settings generic via filter on the_content --><!-- AddThis Share Buttons generic via filter on the_content -->","protected":false},"excerpt":{"rendered":"<p>El colectivo motero lleva a\u00f1os reivindicando mejoras en nuestras carreteras, por ello, el 02 de Abril tendr\u00e1 lugar una manifestaci\u00f3n Nacional por la Seguridad Vial de los motociclistas. La manifestaci\u00f3n se llevar\u00e1 a cabo en 17 puntos de toda la geograf\u00eda nacional, a nivel provincial, lo que implica una gran reivindicaci\u00f3n. En el caso de [&hellip;]<!-- AddThis Advanced Settings generic via filter on get_the_excerpt --><!-- AddThis Share Buttons generic via filter on get_the_excerpt --><\/p>\n","protected":false},"author":49,"featured_media":0,"comment_status":"open","ping_status":"closed","sticky":false,"template":"","format":"standard","meta":[],"categories":[9,13],"tags":[1047,622,624,1050,1054,1055],"_links":{"self":[{"href":"https:\/\/blogs.hoy.es\/moterosdehoy\/wp-json\/wp\/v2\/posts\/2135"}],"collection":[{"href":"https:\/\/blogs.hoy.es\/moterosdehoy\/wp-json\/wp\/v2\/posts"}],"about":[{"href":"https:\/\/blogs.hoy.es\/moterosdehoy\/wp-json\/wp\/v2\/types\/post"}],"author":[{"embeddable":true,"href":"https:\/\/blogs.hoy.es\/moterosdehoy\/wp-json\/wp\/v2\/users\/49"}],"replies":[{"embeddable":true,"href":"https:\/\/blogs.hoy.es\/moterosdehoy\/wp-json\/wp\/v2\/comments?post=2135"}],"version-history":[{"count":0,"href":"https:\/\/blogs.hoy.es\/moterosdehoy\/wp-json\/wp\/v2\/posts\/2135\/revisions"}],"wp:attachment":[{"href":"https:\/\/blogs.hoy.es\/moterosdehoy\/wp-json\/wp\/v2\/media?parent=2135"}],"wp:term":[{"taxonomy":"category","embeddable":true,"href":"https:\/\/blogs.hoy.es\/moterosdehoy\/wp-json\/wp\/v2\/categories?post=2135"},{"taxonomy":"post_tag","embeddable":true,"href":"https:\/\/blogs.hoy.es\/moterosdehoy\/wp-json\/wp\/v2\/tags?post=2135"}],"curies":[{"name":"wp","href":"https:\/\/api.w.org\/{rel}","templated":true}]}}