{"id":2141,"date":"2017-03-15T19:55:42","date_gmt":"2017-03-15T19:55:42","guid":{"rendered":"http:\/\/blogs.hoy.es\/moterosdehoy\/?p=2141"},"modified":"2017-03-15T19:55:42","modified_gmt":"2017-03-15T19:55:42","slug":"concentracion-de-goldwing-en-badajoz","status":"publish","type":"post","link":"https:\/\/blogs.hoy.es\/moterosdehoy\/2017\/03\/15\/concentracion-de-goldwing-en-badajoz\/","title":{"rendered":"Concentraci\u00f3n de Goldwing en Badajoz"},"content":{"rendered":"<p>Durante el fin de semana del 17 al 19 de marzo tendremos en Badajoz, Hondas Goldwings de toda Europa.<\/p>\n<p>Se trata de un evento &#8211; concentraci\u00f3n de motocicletas de la marca Honda Goldwing, y es a nivel internacional, donde ya han confirmado m\u00e1s de setenta motocicletas su asistencia.<\/p>\n<p><a href=\"\/moterosdehoy\/wp-content\/uploads\/sites\/45\/2017\/03\/IMG_2331.jpg\"><img loading=\"lazy\" class=\"alignleft size-medium wp-image-2142\" title=\"IMG_2331\" src=\"\/moterosdehoy\/wp-content\/uploads\/sites\/45\/2017\/03\/IMG_2331.jpg\" alt=\"\" width=\"225\" height=\"300\" srcset=\"https:\/\/static-blogs.hoy.es\/wp-content\/uploads\/sites\/45\/2017\/03\/IMG_2331.jpg 1200w, https:\/\/static-blogs.hoy.es\/wp-content\/uploads\/sites\/45\/2017\/03\/IMG_2331-225x300.jpg 225w, https:\/\/static-blogs.hoy.es\/wp-content\/uploads\/sites\/45\/2017\/03\/IMG_2331-768x1024.jpg 768w\" sizes=\"(max-width: 225px) 100vw, 225px\" \/><\/a>Para llevar a cabo el evento han organizado una serie de actos en los que s\u00f3lo participar\u00e1n los asistentes inscritos con dichas motocicletas, aloj\u00e1ndose en el Hotel Zurbar\u00e1n de Badajoz, pero a su vez han organizado la VIII Concentraci\u00f3n Ib\u00e9rica Extremadura RUTA DEL TORO, que durante el s\u00e1bado, d\u00eda 18 tendr\u00e1n actos en abierto, para tener contacto con los dem\u00e1s moteros aunque no dispongan del mismo modelo de motocicleta.<!--more--><\/p>\n<p>En el propio cartel se detalla el programa, teniendo:<\/p>\n<p>Ruta por la Ruta del Toro, con llegada a la localidad de T\u00e1liga a las 11:30 horas. Donde tendr\u00e1n una recepci\u00f3n institucional.<\/p>\n<p>12:15h. Visita tur\u00edstica abierta a todos los p\u00fablicos.<\/p>\n<p>13:00h. Invitaci\u00f3n a participantes a tapa de toro de lidia.<\/p>\n<p>13:30h. Salida del grupo Goldwing a Badajoz.<\/p>\n<p>14:00h. Ambientaci\u00f3n musical y paella para todos los asistentes, en la Plaza de Extremadura de T\u00e1liga.<\/p>\n<p>17:00h. Visita al museo del Carnaval, en Badajoz.<\/p>\n<p>19:00h. Llegada a la Plaza Alta, en Badajoz.<\/p>\n<p>19:30h. Recorrido por la ciudad de Badajoz.<\/p>\n<p>Para los que quer\u00e1is asistir, os recuerdo que es un evento mixto, por un lado est\u00e1 la concentraci\u00f3n internacional de Goldwing, que si est\u00e1is dispuestos a asistir ten\u00e9is que tener una motocicleta de esa marca y contactar con el organizador (figura el telf en el cartel del evento).<\/p>\n<p>Por otro lado durante el s\u00e1bado d\u00eda 18, y por gentileza del <a title=\"Web del Ayto de T\u00e1liga\" href=\"http:\/\/www.ayuntamiento.es\/taliga\" target=\"_blank\" rel=\"external nofollow\">Ayuntamiento de T\u00e1liga<\/a>, habr\u00e1 m\u00fasica y picoteo en la Plaza de Extremadura de T\u00e1liga, que estar\u00e1 abierto a todos los moteros que quieran ir a pasar un buen rato, y aunque las Goldwing marchar\u00e1n de la localidad a las 13:30h, all\u00ed continuar\u00e1 la fiesta.<\/p>\n<p>Saludos y r\u00e1fagas.<\/p>\n<p>&nbsp;<\/p>\n<!-- AddThis Advanced Settings generic via filter on the_content --><!-- AddThis Share Buttons generic via filter on the_content -->","protected":false},"excerpt":{"rendered":"<p>Durante el fin de semana del 17 al 19 de marzo tendremos en Badajoz, Hondas Goldwings de toda Europa. Se trata de un evento &#8211; concentraci\u00f3n de motocicletas de la marca Honda Goldwing, y es a nivel internacional, donde ya han confirmado m\u00e1s de setenta motocicletas su asistencia. Para llevar a cabo el evento han [&hellip;]<!-- AddThis Advanced Settings generic via filter on get_the_excerpt --><!-- AddThis Share Buttons generic via filter on get_the_excerpt --><\/p>\n","protected":false},"author":49,"featured_media":0,"comment_status":"open","ping_status":"closed","sticky":false,"template":"","format":"standard","meta":[],"categories":[9,13],"tags":[1043,1045,622,1051],"_links":{"self":[{"href":"https:\/\/blogs.hoy.es\/moterosdehoy\/wp-json\/wp\/v2\/posts\/2141"}],"collection":[{"href":"https:\/\/blogs.hoy.es\/moterosdehoy\/wp-json\/wp\/v2\/posts"}],"about":[{"href":"https:\/\/blogs.hoy.es\/moterosdehoy\/wp-json\/wp\/v2\/types\/post"}],"author":[{"embeddable":true,"href":"https:\/\/blogs.hoy.es\/moterosdehoy\/wp-json\/wp\/v2\/users\/49"}],"replies":[{"embeddable":true,"href":"https:\/\/blogs.hoy.es\/moterosdehoy\/wp-json\/wp\/v2\/comments?post=2141"}],"version-history":[{"count":0,"href":"https:\/\/blogs.hoy.es\/moterosdehoy\/wp-json\/wp\/v2\/posts\/2141\/revisions"}],"wp:attachment":[{"href":"https:\/\/blogs.hoy.es\/moterosdehoy\/wp-json\/wp\/v2\/media?parent=2141"}],"wp:term":[{"taxonomy":"category","embeddable":true,"href":"https:\/\/blogs.hoy.es\/moterosdehoy\/wp-json\/wp\/v2\/categories?post=2141"},{"taxonomy":"post_tag","embeddable":true,"href":"https:\/\/blogs.hoy.es\/moterosdehoy\/wp-json\/wp\/v2\/tags?post=2141"}],"curies":[{"name":"wp","href":"https:\/\/api.w.org\/{rel}","templated":true}]}}