{"id":2144,"date":"2017-03-22T23:48:07","date_gmt":"2017-03-22T23:48:07","guid":{"rendered":"http:\/\/blogs.hoy.es\/moterosdehoy\/?p=2144"},"modified":"2017-03-22T23:48:07","modified_gmt":"2017-03-22T23:48:07","slug":"moraleja-biker","status":"publish","type":"post","link":"https:\/\/blogs.hoy.es\/moterosdehoy\/2017\/03\/22\/moraleja-biker\/","title":{"rendered":"Moraleja Biker"},"content":{"rendered":"<p>Durante el fin de semana del 25 y 26 de marzo tendremos el &#8220;I Moraleja Biker&#8221;, como su nombre indica en <a title=\"Moraleja en wikipedia\" href=\"https:\/\/es.wikipedia.org\/wiki\/Moraleja_(C%C3%A1ceres)\" target=\"_blank\" rel=\"external nofollow\">Moraleja<\/a> (C\u00e1ceres).<\/p>\n<p><a href=\"\/moterosdehoy\/wp-content\/uploads\/sites\/45\/2017\/03\/2017-03-Moraleja.jpg\"><img loading=\"lazy\" class=\"alignleft size-medium wp-image-2145\" title=\"2017-03 Moraleja\" src=\"\/moterosdehoy\/wp-content\/uploads\/sites\/45\/2017\/03\/2017-03-Moraleja.jpg\" alt=\"\" width=\"214\" height=\"300\" srcset=\"https:\/\/static-blogs.hoy.es\/wp-content\/uploads\/sites\/45\/2017\/03\/2017-03-Moraleja.jpg 687w, https:\/\/static-blogs.hoy.es\/wp-content\/uploads\/sites\/45\/2017\/03\/2017-03-Moraleja-215x300.jpg 215w\" sizes=\"(max-width: 214px) 100vw, 214px\" \/><\/a>El primer MORALEJA BIKER iba a celebrarse en la alameda junto a la Rivera Sierra de Gata, pero por motivos de fr\u00edo y posibles gotas de agua se traslada al Centro de Exposiciones y Ferias Nave del Trigo.\u00a0Dicho solar se encuentra en el 101 de la Avd, Lusitania, donde tambi\u00e9n se dispone de\u00a0lugar a cubierto para la gente que llegue de acampada.<!--more--><\/p>\n<p>Durante el s\u00e1bado estar\u00e1 abierto el plazo de inscripciones, y tanto en la ma\u00f1ana como en la tarde habr\u00e1 rutas bar\u00edtimas por la localidad. En la noche conciertos, que seguir\u00e1n durante el d\u00eda de la mano del conocido Marcos Elvis.<\/p>\n<p>El domingo por la ma\u00f1ana habr\u00e1 una peque\u00f1a ruta por la Sierra de Gata. Los mismos organizadores dicen que ser\u00e1 una peque\u00f1a ruta, pues es imposible recorrerla toda en unas horas.<\/p>\n<p>De la concentraci\u00f3n han creado un <a title=\"Evento en facebook\" href=\"https:\/\/www.facebook.com\/events\/1710462752616716\/\" target=\"_blank\" rel=\"external nofollow\">evento en facebook<\/a>, donde al tratarse de la primera edici\u00f3n ruegan que los que vay\u00e1is a asistir lo pod\u00e1is indicar con antelaci\u00f3n para previsi\u00f3n de todo, hasta el momento ya han confirmado 165, con otros 134 que indican que tal vez asistan, y a\u00fan quedan varios d\u00edas, nada mal para tratarse del primer evento.<\/p>\n<p>Saludos y r\u00e1fagas.<\/p>\n<!-- AddThis Advanced Settings generic via filter on the_content --><!-- AddThis Share Buttons generic via filter on the_content -->","protected":false},"excerpt":{"rendered":"<p>Durante el fin de semana del 25 y 26 de marzo tendremos el &#8220;I Moraleja Biker&#8221;, como su nombre indica en Moraleja (C\u00e1ceres). El primer MORALEJA BIKER iba a celebrarse en la alameda junto a la Rivera Sierra de Gata, pero por motivos de fr\u00edo y posibles gotas de agua se traslada al Centro de [&hellip;]<!-- AddThis Advanced Settings generic via filter on get_the_excerpt --><!-- AddThis Share Buttons generic via filter on get_the_excerpt --><\/p>\n","protected":false},"author":49,"featured_media":0,"comment_status":"open","ping_status":"closed","sticky":false,"template":"","format":"standard","meta":[],"categories":[9,13],"tags":[1048,622,624,696,724],"_links":{"self":[{"href":"https:\/\/blogs.hoy.es\/moterosdehoy\/wp-json\/wp\/v2\/posts\/2144"}],"collection":[{"href":"https:\/\/blogs.hoy.es\/moterosdehoy\/wp-json\/wp\/v2\/posts"}],"about":[{"href":"https:\/\/blogs.hoy.es\/moterosdehoy\/wp-json\/wp\/v2\/types\/post"}],"author":[{"embeddable":true,"href":"https:\/\/blogs.hoy.es\/moterosdehoy\/wp-json\/wp\/v2\/users\/49"}],"replies":[{"embeddable":true,"href":"https:\/\/blogs.hoy.es\/moterosdehoy\/wp-json\/wp\/v2\/comments?post=2144"}],"version-history":[{"count":0,"href":"https:\/\/blogs.hoy.es\/moterosdehoy\/wp-json\/wp\/v2\/posts\/2144\/revisions"}],"wp:attachment":[{"href":"https:\/\/blogs.hoy.es\/moterosdehoy\/wp-json\/wp\/v2\/media?parent=2144"}],"wp:term":[{"taxonomy":"category","embeddable":true,"href":"https:\/\/blogs.hoy.es\/moterosdehoy\/wp-json\/wp\/v2\/categories?post=2144"},{"taxonomy":"post_tag","embeddable":true,"href":"https:\/\/blogs.hoy.es\/moterosdehoy\/wp-json\/wp\/v2\/tags?post=2144"}],"curies":[{"name":"wp","href":"https:\/\/api.w.org\/{rel}","templated":true}]}}