{"id":2147,"date":"2017-03-27T18:04:19","date_gmt":"2017-03-27T18:04:19","guid":{"rendered":"http:\/\/blogs.hoy.es\/moterosdehoy\/?p=2147"},"modified":"2017-03-27T18:04:19","modified_gmt":"2017-03-27T18:04:19","slug":"iv-quedada-motera-en-gevora-badajoz","status":"publish","type":"post","link":"https:\/\/blogs.hoy.es\/moterosdehoy\/2017\/03\/27\/iv-quedada-motera-en-gevora-badajoz\/","title":{"rendered":"IV Quedada motera en G\u00e9vora (Badajoz)"},"content":{"rendered":"<p>Por cuarto a\u00f1o consecutivo el Restaurante Velo de <a title=\"G\u00e9vora en wikipedia\" href=\"https:\/\/es.wikipedia.org\/wiki\/G%C3%A9vora_(Badajoz)\" target=\"_blank\" rel=\"external nofollow\">G\u00e9vora<\/a> nos ha organizado una quedada motera en G\u00e9vora (Badajoz).<\/p>\n<p><a href=\"\/moterosdehoy\/wp-content\/uploads\/sites\/45\/2017\/03\/2017-04-G\u00e9vora.jpg\"><img loading=\"lazy\" class=\"alignleft size-medium wp-image-2148\" title=\"2017-04 G\u00e9vora\" src=\"\/moterosdehoy\/wp-content\/uploads\/sites\/45\/2017\/03\/2017-04-G\u00e9vora.jpg\" alt=\"\" width=\"211\" height=\"300\" srcset=\"https:\/\/static-blogs.hoy.es\/wp-content\/uploads\/sites\/45\/2017\/03\/2017-04-G\u00e9vora.jpg 678w, https:\/\/static-blogs.hoy.es\/wp-content\/uploads\/sites\/45\/2017\/03\/2017-04-G\u00e9vora-212x300.jpg 212w\" sizes=\"(max-width: 211px) 100vw, 211px\" \/><\/a>La quedada tendr\u00e1 lugar el <strong>s\u00e1bado d\u00eda 1 de abril<\/strong>, y ser\u00e1 como en ediciones anteriores en la puerta del restaurante. En \u00e9sta edici\u00f3n hay una <strong>inscripci\u00f3n de 14\u20ac<\/strong>, con venta anticipada por 12\u20ac en el restaurante Velo, con la que tendr\u00e1s acceso a caf\u00e9 y migas para desayunar, plato de paella al medio d\u00eda y dos consumiciones, adem\u00e1s de participar en sorteos y regalos.<!--more--><\/p>\n<p>El d\u00eda 1 se abrir\u00e1n inscripciones a las 09:30 horas de la ma\u00f1ana, para servir caf\u00e9 y migas a los inscritos, y a las 10:30 h, se iniciar\u00e1 una ruta de unos 180 kil\u00f3metros, que de esos kil\u00f3metros habr\u00e1 tramos por Portugal, por lo que es aconsejable llevar la carta verde del seguro para evitar problemas. La ruta estar\u00e1 guiada por el grupo Motos &#038; Moter@s, que ya lo realiz\u00f3 el a\u00f1o anterior, tener en cuenta que dicho grupo tiene motocicletas de tipo turismo y trail, por lo que la ruta estar\u00e1 adecuada a sus tipos de motocicletas.<\/p>\n<p>En la zona donde se realiza la quedada, suelen instalar barras para bebidas, barbacoa y m\u00fasica, por lo que la fiesta est\u00e1 asegurada. Seguro que ser\u00e1 un buen d\u00eda de encuentro entre amigos.<\/p>\n<p>Saludos y r\u00e1fagas.<\/p>\n<!-- AddThis Advanced Settings generic via filter on the_content --><!-- AddThis Share Buttons generic via filter on the_content -->","protected":false},"excerpt":{"rendered":"<p>Por cuarto a\u00f1o consecutivo el Restaurante Velo de G\u00e9vora nos ha organizado una quedada motera en G\u00e9vora (Badajoz). La quedada tendr\u00e1 lugar el s\u00e1bado d\u00eda 1 de abril, y ser\u00e1 como en ediciones anteriores en la puerta del restaurante. En \u00e9sta edici\u00f3n hay una inscripci\u00f3n de 14\u20ac, con venta anticipada por 12\u20ac en el restaurante [&hellip;]<!-- AddThis Advanced Settings generic via filter on get_the_excerpt --><!-- AddThis Share Buttons generic via filter on get_the_excerpt --><\/p>\n","protected":false},"author":49,"featured_media":0,"comment_status":"open","ping_status":"closed","sticky":false,"template":"","format":"standard","meta":[],"categories":[9,13],"tags":[1046,622,624,1049,1050,838],"_links":{"self":[{"href":"https:\/\/blogs.hoy.es\/moterosdehoy\/wp-json\/wp\/v2\/posts\/2147"}],"collection":[{"href":"https:\/\/blogs.hoy.es\/moterosdehoy\/wp-json\/wp\/v2\/posts"}],"about":[{"href":"https:\/\/blogs.hoy.es\/moterosdehoy\/wp-json\/wp\/v2\/types\/post"}],"author":[{"embeddable":true,"href":"https:\/\/blogs.hoy.es\/moterosdehoy\/wp-json\/wp\/v2\/users\/49"}],"replies":[{"embeddable":true,"href":"https:\/\/blogs.hoy.es\/moterosdehoy\/wp-json\/wp\/v2\/comments?post=2147"}],"version-history":[{"count":0,"href":"https:\/\/blogs.hoy.es\/moterosdehoy\/wp-json\/wp\/v2\/posts\/2147\/revisions"}],"wp:attachment":[{"href":"https:\/\/blogs.hoy.es\/moterosdehoy\/wp-json\/wp\/v2\/media?parent=2147"}],"wp:term":[{"taxonomy":"category","embeddable":true,"href":"https:\/\/blogs.hoy.es\/moterosdehoy\/wp-json\/wp\/v2\/categories?post=2147"},{"taxonomy":"post_tag","embeddable":true,"href":"https:\/\/blogs.hoy.es\/moterosdehoy\/wp-json\/wp\/v2\/tags?post=2147"}],"curies":[{"name":"wp","href":"https:\/\/api.w.org\/{rel}","templated":true}]}}