{"id":2154,"date":"2017-04-07T11:08:06","date_gmt":"2017-04-07T11:08:06","guid":{"rendered":"http:\/\/blogs.hoy.es\/moterosdehoy\/?p=2154"},"modified":"2017-04-07T11:08:06","modified_gmt":"2017-04-07T11:08:06","slug":"viii-concentracion-motera-en-nogales","status":"publish","type":"post","link":"https:\/\/blogs.hoy.es\/moterosdehoy\/2017\/04\/07\/viii-concentracion-motera-en-nogales\/","title":{"rendered":"VIII Concentraci\u00f3n motera en Nogales"},"content":{"rendered":"<h3>Un a\u00f1o m\u00e1s tendremos concentraci\u00f3n motera en Nogales (Badajoz), y como en ediciones anteriores habr\u00e1 ruta de campo y ruta para motos de carretera.<\/h3>\n<p><a href=\"\/moterosdehoy\/wp-content\/uploads\/sites\/45\/2017\/04\/2017-03-Nogales.jpg\"><img loading=\"lazy\" class=\"alignleft size-medium wp-image-2155\" title=\"2017-03 Nogales\" src=\"\/moterosdehoy\/wp-content\/uploads\/sites\/45\/2017\/04\/2017-03-Nogales.jpg\" alt=\"\" width=\"211\" height=\"300\" srcset=\"https:\/\/static-blogs.hoy.es\/wp-content\/uploads\/sites\/45\/2017\/04\/2017-03-Nogales.jpg 1130w, https:\/\/static-blogs.hoy.es\/wp-content\/uploads\/sites\/45\/2017\/04\/2017-03-Nogales-212x300.jpg 212w, https:\/\/static-blogs.hoy.es\/wp-content\/uploads\/sites\/45\/2017\/04\/2017-03-Nogales-768x1087.jpg 768w, https:\/\/static-blogs.hoy.es\/wp-content\/uploads\/sites\/45\/2017\/04\/2017-03-Nogales-723x1024.jpg 723w\" sizes=\"(max-width: 211px) 100vw, 211px\" \/><\/a>El\u00a0<a title=\"Nogales\" href=\"http:\/\/www.dip-badajoz.es\/municipios\/municipio_dinamico\/inicio\/index_inicio.php?codigo=105\" target=\"_blank\" rel=\"external nofollow\">Excmo. Ayuntamiento de Nogales<\/a>,\u00a0con la colaboraci\u00f3n de la Pe\u00f1a Motera La Escayola, entre otros. Nos han organizado para el\u00a0<strong>domingo d\u00eda 09 de abril<\/strong>\u00a0la octaba concentraci\u00f3n motera en su localidad.<\/p>\n<p>Seguir\u00e1 la misma l\u00ednea de sus ediciones anteriores <!--more-->y tendr\u00e1n concentraci\u00f3n para todos los gustos, para ello habr\u00e1 una ruta de campo que iniciar\u00e1 a las 10 horas y otra de carretera que partir\u00e1 a las 11:00 h. Ambas partir\u00e1n del\u00a0<strong>lugar de encuentro, Plaza de la localidad de Nogales<\/strong>.<\/p>\n<p>Han preparado una inscripci\u00f3n de 10 euros, a la que podr\u00e1s acceder esa misma ma\u00f1ana desde las 09:00 h, en el lugar de encuentro, con la que tendr\u00e1s acceso a:<\/p>\n<ul>\n<li>Camiseta<\/li>\n<li>Desayuno<\/li>\n<li>Copa en ruta<\/li>\n<li>Carne<\/li>\n<li>Gazpacho<\/li>\n<li>3 pinchos<\/li>\n<li>3 cervezas<\/li>\n<\/ul>\n<p>Por la tarde habr\u00e1 lucha de gladiadores y toro mec\u00e1nico. Todos los ingredientes necesarios para que tenga lugar un buen d\u00eda de convivencia motera.<\/p>\n<p>Otras <a title=\"Eventos moteros abril\" href=\"http:\/\/www.moterosdehoy.es\/2017\/04\/05\/concentraciones-y-kdds-en-abril-2017\/\" target=\"_blank\" rel=\"external nofollow\">concentraciones y eventos moteros del mes de abril<\/a>.<\/p>\n<p>Saludos y r\u00e1fagas.<\/p>\n<!-- AddThis Advanced Settings generic via filter on the_content --><!-- AddThis Share Buttons generic via filter on the_content -->","protected":false},"excerpt":{"rendered":"<p>Un a\u00f1o m\u00e1s tendremos concentraci\u00f3n motera en Nogales (Badajoz), y como en ediciones anteriores habr\u00e1 ruta de campo y ruta para motos de carretera. El\u00a0Excmo. Ayuntamiento de Nogales,\u00a0con la colaboraci\u00f3n de la Pe\u00f1a Motera La Escayola, entre otros. Nos han organizado para el\u00a0domingo d\u00eda 09 de abril\u00a0la octaba concentraci\u00f3n motera en su localidad. Seguir\u00e1 la [&hellip;]<!-- AddThis Advanced Settings generic via filter on get_the_excerpt --><!-- AddThis Share Buttons generic via filter on get_the_excerpt --><\/p>\n","protected":false},"author":49,"featured_media":0,"comment_status":"open","ping_status":"closed","sticky":false,"template":"","format":"standard","meta":[],"categories":[9,13],"tags":[216,622,696,1057],"_links":{"self":[{"href":"https:\/\/blogs.hoy.es\/moterosdehoy\/wp-json\/wp\/v2\/posts\/2154"}],"collection":[{"href":"https:\/\/blogs.hoy.es\/moterosdehoy\/wp-json\/wp\/v2\/posts"}],"about":[{"href":"https:\/\/blogs.hoy.es\/moterosdehoy\/wp-json\/wp\/v2\/types\/post"}],"author":[{"embeddable":true,"href":"https:\/\/blogs.hoy.es\/moterosdehoy\/wp-json\/wp\/v2\/users\/49"}],"replies":[{"embeddable":true,"href":"https:\/\/blogs.hoy.es\/moterosdehoy\/wp-json\/wp\/v2\/comments?post=2154"}],"version-history":[{"count":0,"href":"https:\/\/blogs.hoy.es\/moterosdehoy\/wp-json\/wp\/v2\/posts\/2154\/revisions"}],"wp:attachment":[{"href":"https:\/\/blogs.hoy.es\/moterosdehoy\/wp-json\/wp\/v2\/media?parent=2154"}],"wp:term":[{"taxonomy":"category","embeddable":true,"href":"https:\/\/blogs.hoy.es\/moterosdehoy\/wp-json\/wp\/v2\/categories?post=2154"},{"taxonomy":"post_tag","embeddable":true,"href":"https:\/\/blogs.hoy.es\/moterosdehoy\/wp-json\/wp\/v2\/tags?post=2154"}],"curies":[{"name":"wp","href":"https:\/\/api.w.org\/{rel}","templated":true}]}}