{"id":2160,"date":"2017-04-19T19:03:48","date_gmt":"2017-04-19T19:03:48","guid":{"rendered":"http:\/\/blogs.hoy.es\/moterosdehoy\/?p=2160"},"modified":"2017-04-19T19:03:48","modified_gmt":"2017-04-19T19:03:48","slug":"iv-concentracion-motera-en-almendral","status":"publish","type":"post","link":"https:\/\/blogs.hoy.es\/moterosdehoy\/2017\/04\/19\/iv-concentracion-motera-en-almendral\/","title":{"rendered":"IV Concentraci\u00f3n motera en Almendral"},"content":{"rendered":"<p>El\u00a0<strong>domingo 23 de abril tendr\u00e1 lugar en la localidad de\u00a0<a title=\"Almendral en wikipedia\" href=\"http:\/\/es.wikipedia.org\/wiki\/Almendral\" target=\"_blank\" rel=\"external nofollow\">Almendral<\/a><\/strong>\u00a0(Badajoz) su cuarta concentraci\u00f3n motera.<\/p>\n<p><a href=\"\/moterosdehoy\/wp-content\/uploads\/sites\/45\/2017\/04\/2017-04-Almendral.jpg\"><img loading=\"lazy\" class=\"alignleft size-medium wp-image-2161\" title=\"2017-04 Almendral\" src=\"\/moterosdehoy\/wp-content\/uploads\/sites\/45\/2017\/04\/2017-04-Almendral.jpg\" alt=\"\" width=\"300\" height=\"211\" srcset=\"https:\/\/static-blogs.hoy.es\/wp-content\/uploads\/sites\/45\/2017\/04\/2017-04-Almendral.jpg 608w, https:\/\/static-blogs.hoy.es\/wp-content\/uploads\/sites\/45\/2017\/04\/2017-04-Almendral-300x212.jpg 300w\" sizes=\"(max-width: 300px) 100vw, 300px\" \/><\/a>Como en ediciones anteriores el punto de encuentro ser\u00e1n en la<strong>\u00a0Plaza Grande a las 10:00h, con una inscripci\u00f3n de 5 euros<\/strong>, que te dar\u00e1 acceso a comida, Paella, panceta, bebida y gazpacho, adem\u00e1s de participar en sorteos, y premios.<\/p>\n<p>Nuevamente los organizadores son el Excmo Ayuntamiento de la localidad, y Pe\u00f1as los jamoneros y San Isidro.<\/p>\n<p>Desde el punto de encuentro se realizar\u00e1n dos rutas, una de campo y otra de carretera, que tendr\u00e1n el regreso de nuevo a la misma plaza.<\/p>\n<p>Seguro que ser\u00e1 un gran d\u00eda de convivencia motera.<\/p>\n<p>Y otro enlace, de las\u00a0<a title=\"Enlace a concentraciones y quedadas moteras de abril 2017\" href=\"http:\/\/www.moterosdehoy.es\/2017\/04\/05\/concentraciones-y-kdds-en-abril-2017\/\" target=\"_blank\" rel=\"external nofollow\">concentraciones del mes<\/a>.<\/p>\n<p>Saludos y r\u00e1fagas.<\/p>\n<!-- AddThis Advanced Settings generic via filter on the_content --><!-- AddThis Share Buttons generic via filter on the_content -->","protected":false},"excerpt":{"rendered":"<p>El\u00a0domingo 23 de abril tendr\u00e1 lugar en la localidad de\u00a0Almendral\u00a0(Badajoz) su cuarta concentraci\u00f3n motera. Como en ediciones anteriores el punto de encuentro ser\u00e1n en la\u00a0Plaza Grande a las 10:00h, con una inscripci\u00f3n de 5 euros, que te dar\u00e1 acceso a comida, Paella, panceta, bebida y gazpacho, adem\u00e1s de participar en sorteos, y premios. Nuevamente los [&hellip;]<!-- AddThis Advanced Settings generic via filter on get_the_excerpt --><!-- AddThis Share Buttons generic via filter on get_the_excerpt --><\/p>\n","protected":false},"author":49,"featured_media":0,"comment_status":"open","ping_status":"closed","sticky":false,"template":"","format":"standard","meta":[],"categories":[9,13],"tags":[1058,611,622],"_links":{"self":[{"href":"https:\/\/blogs.hoy.es\/moterosdehoy\/wp-json\/wp\/v2\/posts\/2160"}],"collection":[{"href":"https:\/\/blogs.hoy.es\/moterosdehoy\/wp-json\/wp\/v2\/posts"}],"about":[{"href":"https:\/\/blogs.hoy.es\/moterosdehoy\/wp-json\/wp\/v2\/types\/post"}],"author":[{"embeddable":true,"href":"https:\/\/blogs.hoy.es\/moterosdehoy\/wp-json\/wp\/v2\/users\/49"}],"replies":[{"embeddable":true,"href":"https:\/\/blogs.hoy.es\/moterosdehoy\/wp-json\/wp\/v2\/comments?post=2160"}],"version-history":[{"count":0,"href":"https:\/\/blogs.hoy.es\/moterosdehoy\/wp-json\/wp\/v2\/posts\/2160\/revisions"}],"wp:attachment":[{"href":"https:\/\/blogs.hoy.es\/moterosdehoy\/wp-json\/wp\/v2\/media?parent=2160"}],"wp:term":[{"taxonomy":"category","embeddable":true,"href":"https:\/\/blogs.hoy.es\/moterosdehoy\/wp-json\/wp\/v2\/categories?post=2160"},{"taxonomy":"post_tag","embeddable":true,"href":"https:\/\/blogs.hoy.es\/moterosdehoy\/wp-json\/wp\/v2\/tags?post=2160"}],"curies":[{"name":"wp","href":"https:\/\/api.w.org\/{rel}","templated":true}]}}