{"id":2162,"date":"2017-04-25T16:53:49","date_gmt":"2017-04-25T16:53:49","guid":{"rendered":"http:\/\/blogs.hoy.es\/moterosdehoy\/?p=2162"},"modified":"2017-04-25T16:53:49","modified_gmt":"2017-04-25T16:53:49","slug":"visita-a-las-casas-mudejares-de-badajoz","status":"publish","type":"post","link":"https:\/\/blogs.hoy.es\/moterosdehoy\/2017\/04\/25\/visita-a-las-casas-mudejares-de-badajoz\/","title":{"rendered":"Visita a las Casas Mud\u00e9jares de Badajoz"},"content":{"rendered":"<h3>A los moteros tambi\u00e9n nos interesa la cultura, y el domingo 30 de abril realizaremos una visita a las Casas Mud\u00e9jares de Badajoz.<\/h3>\n<p><a href=\"\/moterosdehoy\/wp-content\/uploads\/sites\/45\/2017\/04\/Visita-Casas-Mudejares-Badajoz.jpg\"><img loading=\"lazy\" class=\"alignleft size-medium wp-image-2165\" title=\"Visita Casas Mudejares Badajoz\" src=\"\/moterosdehoy\/wp-content\/uploads\/sites\/45\/2017\/04\/Visita-Casas-Mudejares-Badajoz.jpg\" alt=\"\" width=\"212\" height=\"300\" srcset=\"https:\/\/static-blogs.hoy.es\/wp-content\/uploads\/sites\/45\/2017\/04\/Visita-Casas-Mudejares-Badajoz.jpg 3508w, https:\/\/static-blogs.hoy.es\/wp-content\/uploads\/sites\/45\/2017\/04\/Visita-Casas-Mudejares-Badajoz-212x300.jpg 212w, https:\/\/static-blogs.hoy.es\/wp-content\/uploads\/sites\/45\/2017\/04\/Visita-Casas-Mudejares-Badajoz-768x1086.jpg 768w, https:\/\/static-blogs.hoy.es\/wp-content\/uploads\/sites\/45\/2017\/04\/Visita-Casas-Mudejares-Badajoz-724x1024.jpg 724w\" sizes=\"(max-width: 212px) 100vw, 212px\" \/><\/a>La <a title=\"Facebook de Moteros de Hoy\" href=\"https:\/\/www.facebook.com\/moteroshoy\/\" target=\"_blank\" rel=\"external nofollow\">Asociaci\u00f3n Moteros de Hoy<\/a> ha organizado para el domingo 30 de abril una visita a las <a title=\"Casas Mud\u00e9jares Badajoz\" href=\"http:\/\/www.turismobadajoz.es\/casas-mudejares\/\" target=\"_blank\" rel=\"external nofollow\">Casas Mud\u00e9jares de Badajoz<\/a>.<\/p>\n<p>Dicha asociaci\u00f3n es tur\u00edstico cultural, y todo no van a ser rutas para conocer rincones emblem\u00e1ticos, tambi\u00e9n tenemos cosas junto a nosotros que muchas veces por salir fuera dejamos de visitar lo que tenemos alrededor.<\/p>\n<p>El punto de encuentro ser\u00e1 en el Caf\u00e9 Bar Gran V\u00eda, sito en la Avd. Ricardo Carapeto de Badajoz, a partir de las 10 horas.<!--more--><\/p>\n<p>A las 10:45h, se iniciar\u00e1 una ruta hasta la Plaza San Jos\u00e9, lugar donde se encuentra la oficina de turismo y desde donde partir\u00e1 la visita de las casas mud\u00e9jares, gracias a la colaboraci\u00f3n de la Concejal\u00eda de Turismo.<\/p>\n<p>En la visita se visualizar\u00e1 un v\u00eddeo explicativo de unos cinco minutos, y se visitar\u00e1n varias estancias. Adem\u00e1s se realizar\u00e1n fotograf\u00edas de grupo en dicha plaza.<\/p>\n<div id=\"attachment_2164\" style=\"width: 301px\" class=\"wp-caption alignright\"><a href=\"\/moterosdehoy\/wp-content\/uploads\/sites\/45\/2017\/04\/Logo-Custom-Club-Moteros-de-Hoy-.jpg\"><img aria-describedby=\"caption-attachment-2164\" loading=\"lazy\" class=\"size-medium wp-image-2164\" title=\"Logo Custom Club Moteros de Hoy -\" src=\"\/moterosdehoy\/wp-content\/uploads\/sites\/45\/2017\/04\/Logo-Custom-Club-Moteros-de-Hoy-.jpg\" alt=\"\" width=\"291\" height=\"300\" srcset=\"https:\/\/static-blogs.hoy.es\/wp-content\/uploads\/sites\/45\/2017\/04\/Logo-Custom-Club-Moteros-de-Hoy-.jpg 3402w, https:\/\/static-blogs.hoy.es\/wp-content\/uploads\/sites\/45\/2017\/04\/Logo-Custom-Club-Moteros-de-Hoy--292x300.jpg 292w, https:\/\/static-blogs.hoy.es\/wp-content\/uploads\/sites\/45\/2017\/04\/Logo-Custom-Club-Moteros-de-Hoy--768x790.jpg 768w, https:\/\/static-blogs.hoy.es\/wp-content\/uploads\/sites\/45\/2017\/04\/Logo-Custom-Club-Moteros-de-Hoy--995x1024.jpg 995w\" sizes=\"(max-width: 291px) 100vw, 291px\" \/><\/a><p id=\"caption-attachment-2164\" class=\"wp-caption-text\">Logo Custom Club Moteros de Hoy<\/p><\/div>\n<p>Sobre las 12:45 horas, finalizar\u00e1 la visita y nos desplazaremos al Pol\u00edgono el Nevero, Complejo el Tranv\u00eda, donde tomaremos alg\u00fan refrigerio en la sede del <a title=\"Custom Club MDH en Facebook\" href=\"https:\/\/www.facebook.com\/Custom-Club-Moteros-de-Hoy-1621076571530021\/\" target=\"_blank\" rel=\"external nofollow\">Custom Club Moteros de Hoy<\/a>.<\/p>\n<p>Tal y como aparece en Wikipedia, las Casas Mud\u00e9jares pertenecen al conjunto mud\u00e9jar de la ciudad de\u00a0Badajoz, en los que tambi\u00e9n entran las portadas de la antigua Iglesia de la Consolaci\u00f3n, el portal del antiguo convento de las Trinitarias, el Palacio de los Condes de la Roca, y el remate de la\u00a0<a title=\"Torre de Espantaperros\" href=\"https:\/\/es.wikipedia.org\/wiki\/Torre_de_Espantaperros\" rel=\"external nofollow\">Torre de Espantaperros<\/a>.<\/p>\n<p>Se desconoce la fecha exacta de su construcci\u00f3n, aunque se cree que datan de la Edad Media avanzada. En una de ellas se aprecia un arco apuntado en una ventana de la fachada, de estilo medieval, pero probablemente construido en el siglo XV.<\/p>\n<p>La restauraci\u00f3n de estas casas comenz\u00f3 en el a\u00f1o 2004 y finaliz\u00f3 en 2008. Actualmente acogen\u00a0la Concejal\u00eda de Turismo y el\u00a0Centro de Informaci\u00f3n Tur\u00edstica y Acogida de Visitantes.<strong><\/strong><\/p>\n<p>Lo que m\u00e1s llama la atenci\u00f3n es su fachada principal con arcos sobre columnas y pilares, predominantemente ladrillo y tapia. Los pilares y columnas de la fachada, de origen visigodo, son piezas reutilizadas que probablemente procedan de antiguas construcciones del interior de la\u00a0<a title=\"Alcazaba de Badajoz\" href=\"https:\/\/es.wikipedia.org\/wiki\/Alcazaba_de_Badajoz\" rel=\"external nofollow\">Alcazaba<\/a>. La ventana de estilo g\u00f3tico que se observa en una de ellas es considerada como un arca\u00edsmo constructivo.<\/p>\n<p>La ubicaci\u00f3n y la presencia de p\u00f3rticos en su fachada muestran una clara relaci\u00f3n con el \u00e1rea de mercado establecida en torno a la Puerta del Capitel. En las fachadas de las dos casas se pueden apreciar adem\u00e1s unas curiosas cruces cristianas en relieve.<\/p>\n<p>En 2010 se ha abierto al p\u00fablico un patio interior de las casas, con restos de un jard\u00edn porticado \u00e1rabe, quiz\u00e1s del s. XII, aun con el apoyo de una de las columnas de la galer\u00eda. Este patio o jard\u00edn presenta en el centro un espacio cuadrado hundido en el que se situaban las plantas. Tambi\u00e9n ha aparecido perfectamente conservado un arriate que serv\u00eda para la conducci\u00f3n del agua, el cual estaba decorado con motivos geom\u00e9tricos de color rojo que se han mantenido en algunas zonas del patio y que est\u00e1n a la espera de restauraci\u00f3n. En el centro del jard\u00edn hay una pila de ladrillo que tiene forma gallonada y que ha aparecido con todos sus elementos, aunque ha perdido el revestimiento original de yeso.<\/p>\n<p>Si quieres ver todo esto, te esperamos el domingo. El evento est\u00e1 abierto a todo tipo de motocicletas, y en \u00e9ste caso al tratarse de una corta ruta por ciudad tambi\u00e9n a ciclomotores.<\/p>\n<p>Saludos y r\u00e1fagas.<\/p>\n<!-- AddThis Advanced Settings generic via filter on the_content --><!-- AddThis Share Buttons generic via filter on the_content -->","protected":false},"excerpt":{"rendered":"<p>A los moteros tambi\u00e9n nos interesa la cultura, y el domingo 30 de abril realizaremos una visita a las Casas Mud\u00e9jares de Badajoz. La Asociaci\u00f3n Moteros de Hoy ha organizado para el domingo 30 de abril una visita a las Casas Mud\u00e9jares de Badajoz. Dicha asociaci\u00f3n es tur\u00edstico cultural, y todo no van a ser [&hellip;]<!-- AddThis Advanced Settings generic via filter on get_the_excerpt --><!-- AddThis Share Buttons generic via filter on get_the_excerpt --><\/p>\n","protected":false},"author":49,"featured_media":0,"comment_status":"open","ping_status":"closed","sticky":false,"template":"","format":"standard","meta":[],"categories":[9,13],"tags":[1059,622,624,696,1061],"_links":{"self":[{"href":"https:\/\/blogs.hoy.es\/moterosdehoy\/wp-json\/wp\/v2\/posts\/2162"}],"collection":[{"href":"https:\/\/blogs.hoy.es\/moterosdehoy\/wp-json\/wp\/v2\/posts"}],"about":[{"href":"https:\/\/blogs.hoy.es\/moterosdehoy\/wp-json\/wp\/v2\/types\/post"}],"author":[{"embeddable":true,"href":"https:\/\/blogs.hoy.es\/moterosdehoy\/wp-json\/wp\/v2\/users\/49"}],"replies":[{"embeddable":true,"href":"https:\/\/blogs.hoy.es\/moterosdehoy\/wp-json\/wp\/v2\/comments?post=2162"}],"version-history":[{"count":0,"href":"https:\/\/blogs.hoy.es\/moterosdehoy\/wp-json\/wp\/v2\/posts\/2162\/revisions"}],"wp:attachment":[{"href":"https:\/\/blogs.hoy.es\/moterosdehoy\/wp-json\/wp\/v2\/media?parent=2162"}],"wp:term":[{"taxonomy":"category","embeddable":true,"href":"https:\/\/blogs.hoy.es\/moterosdehoy\/wp-json\/wp\/v2\/categories?post=2162"},{"taxonomy":"post_tag","embeddable":true,"href":"https:\/\/blogs.hoy.es\/moterosdehoy\/wp-json\/wp\/v2\/tags?post=2162"}],"curies":[{"name":"wp","href":"https:\/\/api.w.org\/{rel}","templated":true}]}}