{"id":2175,"date":"2017-05-12T20:56:55","date_gmt":"2017-05-12T20:56:55","guid":{"rendered":"http:\/\/blogs.hoy.es\/moterosdehoy\/?p=2175"},"modified":"2017-05-12T20:56:55","modified_gmt":"2017-05-12T20:56:55","slug":"dias-13-y-14-mayo","status":"publish","type":"post","link":"https:\/\/blogs.hoy.es\/moterosdehoy\/2017\/05\/12\/dias-13-y-14-mayo\/","title":{"rendered":"D\u00edas 13 y 14 mayo"},"content":{"rendered":"<p>Nos llega un fin de semana movido por las motos, tenemos nada menos que cuatro opciones, lo mejor es que est\u00e1n muy repartidas por Extremadura, por lo que de seguro que te viene alguna bien.<\/p>\n<p>Entre los eventos moteros del fin de semana nos encontramos uno en la provincia de C\u00e1ceres y tres en la de Badajoz.<\/p>\n<p><a href=\"\/moterosdehoy\/wp-content\/uploads\/sites\/45\/2017\/05\/2017-05-Zorita.jpg\"><img loading=\"lazy\" class=\"alignleft size-medium wp-image-2176\" title=\"2017-05 Zorita\" src=\"\/moterosdehoy\/wp-content\/uploads\/sites\/45\/2017\/05\/2017-05-Zorita.jpg\" alt=\"\" width=\"213\" height=\"300\" srcset=\"https:\/\/static-blogs.hoy.es\/wp-content\/uploads\/sites\/45\/2017\/05\/2017-05-Zorita.jpg 684w, https:\/\/static-blogs.hoy.es\/wp-content\/uploads\/sites\/45\/2017\/05\/2017-05-Zorita-214x300.jpg 214w\" sizes=\"(max-width: 213px) 100vw, 213px\" \/><\/a>S\u00e1bado 13 &#8211; Ruta motera &#8220;La Pe\u00f1a&#8221;, en Zorita (C\u00e1ceres)<!--more--><\/p>\n<p>Organizada por el Excmo Ayto de Zorita y varios grupos moteros implicados. Tienen una inscripci\u00f3n de 10\u20ac. Comenzar\u00e1 a las 10 horaas en el Bar Terraza, de la piscina de Zorita.<\/p>\n<p>Como buena concentraci\u00f3n motera tendr\u00e1n una ruta, que trascurrir\u00e1 por Zorita &#8211; Miajadas &#8211; Cruce de Montanchez &#8211; Trujillo &#8211; Conquista &#8211; Santa Cruz &#8211; Zorita. Y m\u00fasica, durante la tarde, de la mano del DJ Alberto Corrales. Adem\u00e1s no tengas miedo por la hora de marcharte, el Ayuntamiento invita a que lleves el saco de dormir y te habilitan lugar donde colocarlo, buena concentraci\u00f3n si se\u00f1or, como las de antes.<\/p>\n<p><a href=\"\/moterosdehoy\/wp-content\/uploads\/sites\/45\/2017\/05\/2017-05-Alconchel.jpg\"><img loading=\"lazy\" class=\"alignright size-medium wp-image-2177\" title=\"2017-05 Alconchel\" src=\"\/moterosdehoy\/wp-content\/uploads\/sites\/45\/2017\/05\/2017-05-Alconchel.jpg\" alt=\"\" width=\"300\" height=\"205\" srcset=\"https:\/\/static-blogs.hoy.es\/wp-content\/uploads\/sites\/45\/2017\/05\/2017-05-Alconchel.jpg 785w, https:\/\/static-blogs.hoy.es\/wp-content\/uploads\/sites\/45\/2017\/05\/2017-05-Alconchel-300x206.jpg 300w, https:\/\/static-blogs.hoy.es\/wp-content\/uploads\/sites\/45\/2017\/05\/2017-05-Alconchel-768x527.jpg 768w\" sizes=\"(max-width: 300px) 100vw, 300px\" \/><\/a>En la provincia de Badajoz como coment\u00e9 tenemos tres, una de dos d\u00edas (s\u00e1bado y domingo) en Alconchel organizada por su Ayuntamiento y como otro aliciente m\u00e1s para sus fiestas, pues el fin de semana estar\u00e1 la fiesta en la localidad.<\/p>\n<p>D\u00edas 13 y 14 &#8211; Concentraci\u00f3n motos, en Alconchel (Badajoz) La anuncian con ruta para Quads, en el propio cartel tienes toda la informaci\u00f3n e incluso tel\u00e9fonos de contacto por si quieres preguntar algo.<\/p>\n<p>En otros a\u00f1os han permitido el uso del albergue para evitar que una vez te encuentres de fiesta cojas el veh\u00edculo, por lo que puedes ir a pasarlo bien sin miedo de tener que marcharte.<\/p>\n<p><a href=\"\/moterosdehoy\/wp-content\/uploads\/sites\/45\/2017\/05\/2017-05-Navalvillar-de-Pela1.jpg\"><img loading=\"lazy\" class=\"alignleft size-medium wp-image-2178\" title=\"2017-05 Navalvillar de Pela\" src=\"\/moterosdehoy\/wp-content\/uploads\/sites\/45\/2017\/05\/2017-05-Navalvillar-de-Pela1.jpg\" alt=\"\" width=\"213\" height=\"300\" srcset=\"https:\/\/static-blogs.hoy.es\/wp-content\/uploads\/sites\/45\/2017\/05\/2017-05-Navalvillar-de-Pela1.jpg 682w, https:\/\/static-blogs.hoy.es\/wp-content\/uploads\/sites\/45\/2017\/05\/2017-05-Navalvillar-de-Pela1-213x300.jpg 213w\" sizes=\"(max-width: 213px) 100vw, 213px\" \/><\/a>D\u00eda\u00a014\u00a0\u2013\u00a0<a href=\"https:\/\/blogs.hoy.es\/moterosdehoy\/2017\/05\/09\/vii-reunion-motera-en-navalvillar-de-pela\/\">VII Kedada motera<\/a>, en Navalvillar de Pela (Badajoz)<\/p>\n<p>El punto de encuentro es en la Plaza del Emigrante (Kiosko bar el parque), all\u00ed de 09:30 a 10:30 horas estar\u00e1n abiertas las\u00a0<strong>inscripciones\u00a0<\/strong>por<strong>\u00a012 euros<\/strong>, con entrega de bolsa de regalo<strong>\u00a0y\u00a0<\/strong>el desayuno. Tras coger fuerzas se realizar\u00e1 la ruta por las comarcas de la Serena y la Siberia, con parada consumici\u00f3n y aperitivos en Restaurante El Anafre, en Puebla de Alcocer. De regreso a la localidad, tendr\u00e1 lugar el almuerzo en Restaurante Alalba, con la entrega de trofeos y regalos, todo acompa\u00f1ado de un buen ambiente motero.<\/p>\n<p>Una concentraci\u00f3n motera en toda regla, con todos sus alicientes.<\/p>\n<p><a href=\"\/moterosdehoy\/wp-content\/uploads\/sites\/45\/2017\/05\/IMG_3514.jpg\"><img loading=\"lazy\" class=\"alignright size-medium wp-image-2179\" title=\"IMG_3514\" src=\"\/moterosdehoy\/wp-content\/uploads\/sites\/45\/2017\/05\/IMG_3514.jpg\" alt=\"\" width=\"225\" height=\"300\" srcset=\"https:\/\/static-blogs.hoy.es\/wp-content\/uploads\/sites\/45\/2017\/05\/IMG_3514.jpg 1200w, https:\/\/static-blogs.hoy.es\/wp-content\/uploads\/sites\/45\/2017\/05\/IMG_3514-225x300.jpg 225w, https:\/\/static-blogs.hoy.es\/wp-content\/uploads\/sites\/45\/2017\/05\/IMG_3514-768x1024.jpg 768w\" sizes=\"(max-width: 225px) 100vw, 225px\" \/><\/a>Para finalizar y con algo diferente el d\u00eda 14, tenemos una Mini ruta en homenaje a Isabel Rodr\u00edguez Garc\u00eda, en Alvarado (Badajoz)<\/p>\n<p>Se trata de hacer un acompa\u00f1amiento desde Alvarado a Balboa, pasando por Badajoz, y luego regreso a Alvarado donde ser\u00e1 la comida y fiesta. Durante la ruta se realizar\u00e1 una parada en el cementerio de Balboa, para dejar unas flores en la tumba de la homenajeada.<\/p>\n<p>Alvarado es una localidad en la que su concentraci\u00f3n motera se ha logrado hacer famosa por la implicaci\u00f3n de casi toda la localidad, por lo que de seguro tendr\u00e1 buena aceptaci\u00f3n. El punto de partida de la ruta ser\u00e1 a las 11 horas, por la Carretera de la Corte en direcci\u00f3n Badajoz.<\/p>\n<p>Como veis hay rutas para todos los gustos, no lo dudes y acude a alguna, no te arrepentir\u00e1s y seguro que te encontrar\u00e1s con viejos amigos, a la vez que los har\u00e1s nuevos.<\/p>\n<p>Saludos y r\u00e1fagas.<\/p>\n<!-- AddThis Advanced Settings generic via filter on the_content --><!-- AddThis Share Buttons generic via filter on the_content -->","protected":false},"excerpt":{"rendered":"<p>Nos llega un fin de semana movido por las motos, tenemos nada menos que cuatro opciones, lo mejor es que est\u00e1n muy repartidas por Extremadura, por lo que de seguro que te viene alguna bien. Entre los eventos moteros del fin de semana nos encontramos uno en la provincia de C\u00e1ceres y tres en la [&hellip;]<!-- AddThis Advanced Settings generic via filter on get_the_excerpt --><!-- AddThis Share Buttons generic via filter on get_the_excerpt --><\/p>\n","protected":false},"author":49,"featured_media":0,"comment_status":"open","ping_status":"closed","sticky":false,"template":"","format":"standard","meta":[],"categories":[9,13],"tags":[1064,1065,69,622,624,724,735,1068],"_links":{"self":[{"href":"https:\/\/blogs.hoy.es\/moterosdehoy\/wp-json\/wp\/v2\/posts\/2175"}],"collection":[{"href":"https:\/\/blogs.hoy.es\/moterosdehoy\/wp-json\/wp\/v2\/posts"}],"about":[{"href":"https:\/\/blogs.hoy.es\/moterosdehoy\/wp-json\/wp\/v2\/types\/post"}],"author":[{"embeddable":true,"href":"https:\/\/blogs.hoy.es\/moterosdehoy\/wp-json\/wp\/v2\/users\/49"}],"replies":[{"embeddable":true,"href":"https:\/\/blogs.hoy.es\/moterosdehoy\/wp-json\/wp\/v2\/comments?post=2175"}],"version-history":[{"count":0,"href":"https:\/\/blogs.hoy.es\/moterosdehoy\/wp-json\/wp\/v2\/posts\/2175\/revisions"}],"wp:attachment":[{"href":"https:\/\/blogs.hoy.es\/moterosdehoy\/wp-json\/wp\/v2\/media?parent=2175"}],"wp:term":[{"taxonomy":"category","embeddable":true,"href":"https:\/\/blogs.hoy.es\/moterosdehoy\/wp-json\/wp\/v2\/categories?post=2175"},{"taxonomy":"post_tag","embeddable":true,"href":"https:\/\/blogs.hoy.es\/moterosdehoy\/wp-json\/wp\/v2\/tags?post=2175"}],"curies":[{"name":"wp","href":"https:\/\/api.w.org\/{rel}","templated":true}]}}