{"id":219,"date":"2012-07-30T21:11:07","date_gmt":"2012-07-30T21:11:07","guid":{"rendered":"http:\/\/blogs.hoy.es\/moterosdehoy\/?p=219"},"modified":"2012-07-30T21:11:07","modified_gmt":"2012-07-30T21:11:07","slug":"concentraciones-moteras-en-agosto-2012","status":"publish","type":"post","link":"https:\/\/blogs.hoy.es\/moterosdehoy\/2012\/07\/30\/concentraciones-moteras-en-agosto-2012\/","title":{"rendered":"Concentraciones moteras en agosto 2012"},"content":{"rendered":"<p><span style=\"text-decoration: underline;\">Relaci\u00f3n de concentraciones y quedadas moteras a lo largo de\u00a0<strong>agosto<\/strong>\u00a02012 dentro de\u00a0<strong>Extremadura<\/strong>:<\/span><\/p>\n<p>&nbsp;<\/p>\n<p>D\u00edas <strong>3 al 5<\/strong> \u2013 <a title=\"Concentraci\u00f3n motera en Almaraz\" href=\"http:\/\/www.facebook.com\/events\/163927853743076\/\" target=\"_blank\" rel=\"external nofollow\">Concentraci\u00f3n moto-turismo<\/a> Moteros Almar\u00e1z (<strong>C\u00e1ceres<\/strong>)<\/p>\n<p>D\u00eda<strong>\u00a011<\/strong> \u2013\u00a0<a title=\"Concentraci\u00f3n motera en Santa Cruz de Paniagua\" href=\"http:\/\/motos.santacruzdepaniagua.es\/\" target=\"_blank\" rel=\"external nofollow\">Concentraci\u00f3n motera MOTEROCK<\/a>, en Santa Cruz de Paniagua (<strong>C\u00e1ceres<\/strong>)<\/p>\n<p>D\u00eda <strong>19<\/strong> &#8211; <a title=\"Kedada motera en Zurbar\u00e1n\" href=\"https:\/\/blogs.hoy.es\/moterosdehoy\/2012\/08\/12\/kedada-motera-en-zurbaran-badajoz\/\" target=\"_blank\">IV Convivencia motera &#8220;El Cerrillo&#8221;<\/a> en Zurbar\u00e1n (<strong>Badajoz<\/strong>)<\/p>\n<p>D\u00eda <strong>26<\/strong> &#8211; <a title=\"Concentraci\u00f3n de motos cl\u00e1sicas en Lob\u00f3n\" href=\"https:\/\/blogs.hoy.es\/moterosdehoy\/2012\/08\/21\/iv-concentracion-de-motos-clasicas-en-lobon\/\" target=\"_blank\">IV Concentraci\u00f3n de motos cl\u00e1sicas Ciudad de Lob\u00f3n<\/a> (<strong>Badajoz<\/strong>)<\/p>\n<p><a href=\"\/moterosdehoy\/wp-content\/uploads\/sites\/45\/2012\/07\/concentracion_harley1.jpg\"><img loading=\"lazy\" class=\"aligncenter size-medium wp-image-221\" title=\"concentracion_harley\" src=\"\/moterosdehoy\/wp-content\/uploads\/sites\/45\/2012\/07\/concentracion_harley1.jpg\" alt=\"\" width=\"300\" height=\"199\" srcset=\"https:\/\/static-blogs.hoy.es\/wp-content\/uploads\/sites\/45\/2012\/07\/concentracion_harley1.jpg 668w, https:\/\/static-blogs.hoy.es\/wp-content\/uploads\/sites\/45\/2012\/07\/concentracion_harley1-300x200.jpg 300w\" sizes=\"(max-width: 300px) 100vw, 300px\" \/><\/a><\/p>\n<p><span style=\"text-decoration: underline;\">Concentraciones y quedadas moteras a lo largo de\u00a0<strong>agosto<\/strong>\u00a02012\u00a0<strong>fuera de Extremadura<\/strong>:<\/span><\/p>\n<p>&nbsp;<\/p>\n<p>D\u00edas <strong>3 al 5<\/strong> \u2013 Concentraci\u00f3n motorista de <a title=\"Concentraci\u00f3n motera en B\u00e9jar\" href=\"http:\/\/www.i-bejar.com\/noticia\/concentracion-motos-bejar-8534.asp\" target=\"_blank\" rel=\"external nofollow\">B\u00e9jar (<strong>Salamanca<\/strong>)<\/a><\/p>\n<p>D\u00edas <strong>3 al 5<\/strong> \u2013 Concentraci\u00f3n Motofesta <a title=\"Concentraci\u00f3n motera en Ponteceso\" href=\"http:\/\/www.paxinasgalegas.es\/fiestas\/xxv-motofesta-ponteceso-3101.html\" target=\"_blank\" rel=\"external nofollow\">Ponteceso (<strong>A Coru\u00f1a<\/strong>)<\/a>\u00a0<!--more--><\/p>\n<p>D\u00eda <strong>4<\/strong> \u2013 XIII Ruta Internacional Harley y Custom <a title=\"Concentraci\u00f3n motera C\u00e1diz-Gibraltar\" href=\"http:\/\/www.amccadiz.com\/t471-13-ruta-internacional-harley-custom-cadiz-gibraltar\" target=\"_blank\" rel=\"external nofollow\">C\u00e1diz-Gibraltar (<strong>C\u00e1diz<\/strong>)<\/a><\/p>\n<p>D\u00eda<strong> 4<\/strong> &#8211; III Kedada motera en <a title=\"Kedada motera en Magan\" href=\"http:\/\/www.facebook.com\/events\/499217863438037\/\" target=\"_blank\" rel=\"external nofollow\">Magan (<strong>Toledo<\/strong>)<\/a><\/p>\n<p>D\u00eda <strong>4 y 5<\/strong> \u2013 Concentraci\u00f3n motera <a title=\"Concentraci\u00f3n motera en Navalcan\" href=\"http:\/\/www.facebook.com\/events\/445875178767192\/\" target=\"_blank\" rel=\"external nofollow\">Navalcan (<strong>Toledo<\/strong>)<\/a><\/p>\n<p>D\u00edas <strong>4 y 5<\/strong> \u2013 III Concentraci\u00f3n Internacional <a title=\"Concentraci\u00f3n motera en Cantabria\" href=\"http:\/\/www.facebook.com\/events\/315970995147264\/\" target=\"_blank\" rel=\"external nofollow\">YCCE, en <strong>Santander<\/strong><\/a><\/p>\n<p>D\u00edas <strong>4 y 5<\/strong> \u2013 IV Fiesta motera Motor\u00e1banorock,<a title=\"Concentraci\u00f3n motera en R\u00e1bano\" href=\"http:\/\/www.facebook.com\/events\/445629035471095\/\" target=\"_blank\" rel=\"external nofollow\"> en R\u00e1bano (<strong>Valladolid<\/strong>)<\/a><\/p>\n<p>D\u00edas <strong>4 y 5<\/strong> \u2013 VI Concentraci\u00f3n motosen <a title=\"Concentraci\u00f3n motera en Quintanilla de On\u00e9simo\" href=\"http:\/\/www.planetacustom.es\/index.php?it=7&#038;evn=244\" target=\"_blank\" rel=\"external nofollow\">Quintanilla de On\u00e9simo (<strong>Valladolid<\/strong>)<\/a><\/p>\n<p>D\u00edas\u00a0<strong>4 y 5<\/strong>\u00a0\u2013 Concentraci\u00f3n motera en\u00a0<a title=\"Concentraci\u00f3n motera en Lora de Estepa\" href=\"http:\/\/www.voydeconcentracion.com\/2012\/07\/xii-concentracion-motera-lora-de-estepa.html\" target=\"_blank\" rel=\"external nofollow\">Lora de Estepa (<strong>Sevilla<\/strong>)<\/a><\/p>\n<p>D\u00edas\u00a0<strong>10 al 12<\/strong>\u00a0\u2013 II Concentracao Motard, <a title=\"Concentraci\u00f3n motera en Miranda do Douro\" href=\"http:\/\/www.facebook.com\/photo.php?fbid=326558804103875&#038;set=a.124020054357752.26160.100002492735504&#038;type=1&#038;theater\" target=\"_blank\" rel=\"external nofollow\">Miranda do Douro (<strong>Portugal<\/strong>)<\/a><\/p>\n<p>D\u00edas <strong>10 al 12<\/strong> \u2013 VII Concentraci\u00f3n pe\u00f1a motera Valleros, en <a title=\"Concentraci\u00f3n motera en Tavernes de la Valldigna\" href=\"http:\/\/www.tumotoweb.com\/destacada.php?id=2072\" target=\"_blank\" rel=\"external nofollow\">Tavernes de la Valldigna (<strong>Valencia<\/strong>)<\/a><\/p>\n<p>D\u00edas <strong>10 al 12<\/strong> &#8211; Concentraci\u00f3n motera &#8220;Prau la Chalana&#8221;, en <a title=\"Concentraci\u00f3n motera en Pola de Laviana\" href=\"http:\/\/www.tumotoweb.com\/destacada.php?id=2118\" target=\"_blank\" rel=\"external nofollow\">Pola de Laviana (<strong>Asturias<\/strong>)<\/a><\/p>\n<p>D\u00edas <strong>10 al 12<\/strong> \u2013 IV Concentraci\u00f3n motera en <a title=\"Concentraci\u00f3n motera en Becerril de la Sierra\" href=\"http:\/\/www.tumotoweb.com\/destacada.php?id=2111\" target=\"_blank\" rel=\"external nofollow\">Becerril de la Sierra (<strong>Madrid<\/strong>)<\/a><\/p>\n<p>D\u00edas <strong>11 y 12<\/strong> &#8211; XIII Concentraci\u00f3n motera en <a title=\"Concentraci\u00f3n motera en Ribaforada\" href=\"http:\/\/www.caballosdefuego.com\/Default.aspx\" target=\"_blank\" rel=\"external nofollow\">Ribaforada (<strong>Navarra<\/strong>)<\/a><\/p>\n<p>D\u00edas <strong>11 y 12<\/strong> \u2013 XV Concentraci\u00f3n ruta de la Berenjena, en Bola\u00f1os de Calatrava (<strong>Ciudad Real<\/strong>)<\/p>\n<p>D\u00edas <strong>11 y 12<\/strong> &#8211; XII Concentraci\u00f3n motoclub 36600, <a title=\"Concentraci\u00f3n motera en Vilagarc\u00eda de Arosa\" href=\"http:\/\/www.facebook.com\/events\/417956061576214\/\" target=\"_blank\" rel=\"external nofollow\">Vilagarc\u00eda de Arosa (<strong>Pontevedra<\/strong>)<\/a><\/p>\n<p>D\u00eda <strong>12<\/strong> \u2013 II Encuentro motero Barrio \u201cMare de Deu D\u2019Agost\u201d, en <a title=\"Concentraci\u00f3n motera en S\u00faria\" href=\"http:\/\/eventosmoterosyconcentraciones.blogspot.com.es\/2012\/06\/2-encuentro-motero-suria-2012.html\" target=\"_blank\" rel=\"external nofollow\">S\u00faria (<strong>Barcelona<\/strong>)<\/a><\/p>\n<p>D\u00eda <strong>12<\/strong> &#8211; VI Matinal motera en <a title=\"Kedada motera en Palmera\" href=\"http:\/\/www.facebook.com\/events\/334709949936222\/\" target=\"_blank\" rel=\"external nofollow\">Palmera (<strong>Valencia<\/strong>)<\/a><\/p>\n<p>D\u00eda <strong>12<\/strong> &#8211; La kedada de agosto, <a title=\"Concentraci\u00f3n motera en Asturias\" href=\"http:\/\/www.motoclubasturias.com\/foro\/index.php\/topic,9921.0.html\" target=\"_blank\" rel=\"external nofollow\">La Palloza de Cantexeira (<strong>Asturias<\/strong>)<\/a><\/p>\n<p>D\u00eda <strong>12<\/strong> \u2013 III Concentraci\u00f3n motera Amics del Motor, en <a title=\"Concentraci\u00f3n motera en Godall\" href=\"http:\/\/www.moterus.es\/eventos\/3-concentracion-amigos-del-motor-de-godall-2012-8-17\" target=\"_blank\" rel=\"external nofollow\">Godall (<strong>Tarragona<\/strong>)<\/a><\/p>\n<p>D\u00eda <strong>12<\/strong> &#8211; Kedada en Redondela (<strong>Pontevedra<\/strong>)<\/p>\n<p>D\u00edas <strong>18 y 19<\/strong> \u2013 IV Encuentro motero Pica Bielas, en <a title=\"Concentraci\u00f3n motera en Santa Cristina de la Polvorosa\" href=\"http:\/\/www.contumoto.com\/index.php?IDZona=4868\" target=\"_blank\" rel=\"external nofollow\">Santa Cristina de la Polvorosa (<strong>Zamora<\/strong>)<\/a><\/p>\n<p>D\u00edas <strong>18 y 19<\/strong> &#8211; V Concentraci\u00f3n motera &#8220;Piratas de Adra&#8221;, en<a title=\"Concentraci\u00f3n motera en Adra\" href=\"http:\/\/www.tumotoweb.com\/destacada.php?id=2110\" target=\"_blank\" rel=\"external nofollow\"> Adra (<strong>Almeria<\/strong>)<\/a><\/p>\n<p>D\u00edas <strong>18 al 25<\/strong> \u2013 <a title=\"Concentraci\u00f3n motera por la costa Atl\u00e1ntica\" href=\"http:\/\/www.tumotoweb.com\/destacada.php?id=2076\" target=\"_blank\" rel=\"external nofollow\">Moto Tour Maroc \u201c<strong>Costa Alt\u00e1ntica<\/strong>\u201d<\/a><\/p>\n<p>D\u00edas <strong>23 al 26<\/strong> \u2013 Concentraci\u00f3n motera en <a title=\"Concentraci\u00f3n en Torre del Mar\" href=\"http:\/\/www.tumotoweb.com\/destacada.php?id=2115\" target=\"_blank\" rel=\"external nofollow\">Torre del Mar (<strong>M\u00e1laga<\/strong>)<\/a><\/p>\n<p>D\u00edas <strong>24 al 26<\/strong> \u2013 XV Concentraci\u00f3n Mancha Custom Club, en <a title=\"Concentraci\u00f3n motera en Socu\u00e9llamos\" href=\"http:\/\/www.boogieroad.com\/rockn-agenda\/concentraciones-moteras\/mancha-custom-club-socuellamos-custom-2012-15-aniversario2\/\" target=\"_blank\" rel=\"external nofollow\">Socu\u00e9llamos (<strong>Ciudad Real<\/strong>)<\/a><\/p>\n<p>D\u00edas <strong>24 al 26<\/strong> \u2013 I Concentraci\u00f3n motera <a title=\"Concentraci\u00f3n motera en Palencia\" href=\"http:\/\/www.planetacustom.es\/index.php?it=7&#038;evn=257\" target=\"_blank\" rel=\"external nofollow\">San Antol\u00edn, en <strong>Palencia<\/strong><\/a><\/p>\n<p>D\u00edas <strong>24 al 26<\/strong> \u2013 VII Concentraci\u00f3n Megas <strong><a title=\"Concentraci\u00f3n motera en Guipuzkoa\" href=\"http:\/\/www.tumotoweb.com\/destacada.php?id=1984\" target=\"_blank\" rel=\"external nofollow\">Guipuzkoa<\/a><\/strong><\/p>\n<p>D\u00edas <strong>24 al 26<\/strong> \u2013 VI Concentraci\u00f3n motera Intencacia, en <a title=\"Concentraci\u00f3n motera en Villalpando\" href=\"http:\/\/www.tumotoweb.com\/destacada.php?id=2114\" target=\"_blank\" rel=\"external nofollow\">Villalpando (<strong>Zamora<\/strong>)<\/a><\/p>\n<p>D\u00edas <strong>25 y 26<\/strong> \u2013 V Concentraci\u00f3n motera Cerdos a Jopo, en <a title=\"Concentraci\u00f3n motera en Puerto Lope\" href=\"http:\/\/www.voydeconcentracion.com\/2012\/07\/v-concentracion-motera-puerto-lope.html\" target=\"_blank\" rel=\"external nofollow\">Puerto Lope (<strong>Granada<\/strong>)<\/a><\/p>\n<p>D\u00edas <strong>25 y 26<\/strong> \u2013 XV Concentraci\u00f3n Internacional Val Do Ulla, en <a title=\"Concentraci\u00f3n motera en Santa Cruz de Rivadulla\" href=\"http:\/\/www.tumotoweb.com\/destacada.php?id=2127\" target=\"_blank\" rel=\"external nofollow\">Santa Cruz de Rivadulla (<strong>A Coru\u00f1a<\/strong>)<\/a><\/p>\n<p>D\u00edas <strong>31 y 1, 2<\/strong> septiembre \u2013 XV Concentraci\u00f3n Fuerte Nag\u00fcelles, en <a title=\"Concentraci\u00f3n motera en Marbella\" href=\"http:\/\/www.tumotoweb.com\/destacada.php?id=2033\" target=\"_blank\" rel=\"external nofollow\">Marbella (<strong>M\u00e1laga<\/strong>)<\/a><\/p>\n<p><span style=\"text-decoration: underline;\">\u00a0<\/span><\/p>\n<p>Poco a poco ir\u00e9 poniendo los enlaces a las concentraciones que aqu\u00ed aparecen e ir\u00e9 a\u00f1adiendo m\u00e1s.<\/p>\n<p><strong>\u00a0 \u00a0Saludos y r\u00e1fagas.<\/strong><\/p>\n<!-- AddThis Advanced Settings generic via filter on the_content --><!-- AddThis Share Buttons generic via filter on the_content -->","protected":false},"excerpt":{"rendered":"<p>Relaci\u00f3n de concentraciones y quedadas moteras a lo largo de\u00a0agosto\u00a02012 dentro de\u00a0Extremadura: &nbsp; D\u00edas 3 al 5 \u2013 Concentraci\u00f3n moto-turismo Moteros Almar\u00e1z (C\u00e1ceres) D\u00eda\u00a011 \u2013\u00a0Concentraci\u00f3n motera MOTEROCK, en Santa Cruz de Paniagua (C\u00e1ceres) D\u00eda 19 &#8211; IV Convivencia motera &#8220;El Cerrillo&#8221; en Zurbar\u00e1n (Badajoz) D\u00eda 26 &#8211; IV Concentraci\u00f3n de motos cl\u00e1sicas Ciudad de Lob\u00f3n [&hellip;]<!-- AddThis Advanced Settings generic via filter on get_the_excerpt --><!-- AddThis Share Buttons generic via filter on get_the_excerpt --><\/p>\n","protected":false},"author":49,"featured_media":0,"comment_status":"open","ping_status":"closed","sticky":false,"template":"","format":"standard","meta":[],"categories":[5,13],"tags":[261,272,622,629,639],"_links":{"self":[{"href":"https:\/\/blogs.hoy.es\/moterosdehoy\/wp-json\/wp\/v2\/posts\/219"}],"collection":[{"href":"https:\/\/blogs.hoy.es\/moterosdehoy\/wp-json\/wp\/v2\/posts"}],"about":[{"href":"https:\/\/blogs.hoy.es\/moterosdehoy\/wp-json\/wp\/v2\/types\/post"}],"author":[{"embeddable":true,"href":"https:\/\/blogs.hoy.es\/moterosdehoy\/wp-json\/wp\/v2\/users\/49"}],"replies":[{"embeddable":true,"href":"https:\/\/blogs.hoy.es\/moterosdehoy\/wp-json\/wp\/v2\/comments?post=219"}],"version-history":[{"count":0,"href":"https:\/\/blogs.hoy.es\/moterosdehoy\/wp-json\/wp\/v2\/posts\/219\/revisions"}],"wp:attachment":[{"href":"https:\/\/blogs.hoy.es\/moterosdehoy\/wp-json\/wp\/v2\/media?parent=219"}],"wp:term":[{"taxonomy":"category","embeddable":true,"href":"https:\/\/blogs.hoy.es\/moterosdehoy\/wp-json\/wp\/v2\/categories?post=219"},{"taxonomy":"post_tag","embeddable":true,"href":"https:\/\/blogs.hoy.es\/moterosdehoy\/wp-json\/wp\/v2\/tags?post=219"}],"curies":[{"name":"wp","href":"https:\/\/api.w.org\/{rel}","templated":true}]}}