{"id":2198,"date":"2017-05-24T16:45:57","date_gmt":"2017-05-24T16:45:57","guid":{"rendered":"http:\/\/blogs.hoy.es\/moterosdehoy\/?p=2198"},"modified":"2017-05-24T16:51:47","modified_gmt":"2017-05-24T16:51:47","slug":"xx-concentracion-motera-serranitos","status":"publish","type":"post","link":"https:\/\/blogs.hoy.es\/moterosdehoy\/2017\/05\/24\/xx-concentracion-motera-serranitos\/","title":{"rendered":"XX Concentraci\u00f3n Motera Serranitos"},"content":{"rendered":"<h3>La famosa concentraci\u00f3n motera de Fregenal de la Sierra realizar\u00e1 su vig\u00e9sima edici\u00f3n.<\/h3>\n<p><a href=\"https:\/\/static-blogs.hoy.es\/wp-content\/uploads\/sites\/45\/2017\/05\/2017-06-Serranitos.jpg\"><img loading=\"lazy\" class=\"alignleft size-medium wp-image-2199\" src=\"https:\/\/static-blogs.hoy.es\/wp-content\/uploads\/sites\/45\/2017\/05\/2017-06-Serranitos-213x300.jpg\" alt=\"2017-06-serranitos\" width=\"213\" height=\"300\" srcset=\"https:\/\/static-blogs.hoy.es\/wp-content\/uploads\/sites\/45\/2017\/05\/2017-06-Serranitos-213x300.jpg 213w, https:\/\/static-blogs.hoy.es\/wp-content\/uploads\/sites\/45\/2017\/05\/2017-06-Serranitos.jpg 681w\" sizes=\"(max-width: 213px) 100vw, 213px\" \/><\/a>La Pe\u00f1a Motera &#8220;Los Vend\u00edos&#8221; de Fregenal de la Sierra, nos ha programado la XX Concentraci\u00f3n Motera Serranitos, que tendr\u00e1 lugar el fin de semana del <strong>26 al 28 de mayo<\/strong>, en su localidad <strong><a title=\"Fregenal de la Sierra en wikipedia\" href=\"http:\/\/es.wikipedia.org\/wiki\/Fregenal_de_la_Sierra\" target=\"_blank\" rel=\"external nofollow\">Fregenal de la Sierra<\/a><\/strong> (<a title=\"Turismo en Badajoz\" href=\"http:\/\/www.turismobadajoz.es\/\" target=\"_blank\" rel=\"external nofollow\">Badajoz<\/a>).<\/p>\n<p>Para ello han organizado un fin de semana repleto de actividades, con un programa pensado por moteros y para moteros con el fin de que disfrutemos lo m\u00e1ximo posible de las motos, de su localidad y su gente, que como en ediciones anteriores de seguro que se volcar\u00e1n con el evento.<!--more--><\/p>\n<p>En el <strong>programa<\/strong> tienen previsto:<\/p>\n<p><strong>VIERNES, 26 MAYO<\/strong><\/p>\n<p>\u2013<strong>21:00<\/strong> horas. Apertura de inscripciones en la carpa del Paseo de la Constituci\u00f3n, con acampada gratuita y vigilada en el Complejo Deportivo Municipal.<br \/>\n\u2013<strong>22:00<\/strong> horas. Montaditos gratuitos en la carpa del Paseo de la Constituci\u00f3n. Servicio de barra con buena m\u00fasica.<\/p>\n<p><strong>S\u00c1BADO, 27 MAYO<\/strong><\/p>\n<p>\u2013<strong>11:00<\/strong> horas. Apertura de inscripciones en la carpa del Paseo de la Constituci\u00f3n.<br \/>\n\u2013<strong>11:00<\/strong> horas. Visita guiada tur\u00edstica andando por la localidad, con salida desde la oficina de turismo (junto a lugar de inscripciones).<br \/>\n\u2013<strong>15:00<\/strong> horas. Paella gratuita en la carpa del Paseo de la Constituci\u00f3n para todos los inscritos. Servicio de bar con m\u00fasica y buen ambiente.<br \/>\n\u2013<strong>19:00<\/strong> horas. Arrancada al unisono de motos y comienzo de la ruta baritima-turistica por la zona, con copitas y abundante tapeo ib\u00e9rico en varias paradas.<br \/>\n\u2013<strong>22:30<\/strong> horas. Cena con serranitos ib\u00e9ricos, bebida y helados en el recinto ferial ofrecido por Catering Cienfuegos.<br \/>\n\u2013<strong>00:00<\/strong> horas. Fiesta motera en la carpa de la concentraci\u00f3n del Paseo de la Constituci\u00f3n, rock de todos los tiempos de la mano del grupo In-Rock, Dj animador hasta altas horas de la madrugada.<\/p>\n<p><strong>DOMINGO, 26 MAYO<\/strong><\/p>\n<p>-De<strong> 9:00 a 11:30<\/strong> horas. Desayuno con churros o tostadas en Churrer\u00eda-Chocolater\u00eda Los Remedios en el Jardin.<br \/>\n\u2013<strong>10:00<\/strong> horas. Aperturas de inscripciones en la carpa del Paseo de la Constituci\u00f3n.<br \/>\n\u2013<strong>11:00<\/strong> horas. Visita guiada tur\u00edstica andando por la localidad, con salida desde la oficina de turismo (junto a lugar de inscripciones)..<br \/>\n\u2013<strong>12:00<\/strong> horas.Ruta turistica-bar\u00edtima por la zona con copitas y abundante tapeo ib\u00e9rico en varias paradas.<br \/>\n\u2013<strong>15:00<\/strong> horas. Comida motera en recinto ferial, ofrecida por Catering Cienfuegos,\u00a0con bebida, ensalada, 1\u00ba plato, 2\u00ba plato y postre. Durante la comida se har\u00e1 la entrega de los trofeos y se degustaran dulces t\u00edpicos del pueblo ofrecidos por Dulcer\u00eda Risco.<\/p>\n<p>Entre los TROFEOS, habr\u00e1:<\/p>\n<p>-Al motero m\u00e1s lejano.<br \/>\n-Al motero m\u00e1s joven.<br \/>\n-Al motero de m\u00e1s edad.<br \/>\n-Al moto-club con m\u00e1s inscritos.<br \/>\n-Al 2\u00ba moto-club con m\u00e1s inscritos.<br \/>\n-Al 3\u00ba moto-club con m\u00e1s inscritos.<br \/>\n-Al ciclomotor m\u00e1s lejano.<br \/>\n-Al moto-club internacional con m\u00e1s inscritos.<br \/>\n-Vend\u00edo Serranitos 2017.<br \/>\n-Vend\u00eda Serranitos 2017.<br \/>\n-Serranitos XX Aniversario.<\/p>\n<p>Tras la comida se realizar\u00e1 la despedida y cierre de la concentraci\u00f3n.<\/p>\n<p>A la hora de realizar la inscripci\u00f3n podr\u00e1s optar por varias modalidades, dependiendo de que puedas estar todo el fin de semana, solo el s\u00e1bado o solo el domingo, con los siguientes precios:<\/p>\n<p>Fin de semana o s\u00e1bado y domingo: 28 euros<br \/>\nS\u00e1bado: 15 euros Domingo: 16 euros<\/p>\n<p><strong>Con la inscripci\u00f3n va incluida:<\/strong><br \/>\n-Copa de bienvenida.<br \/>\n-Bolsa de regalo (camisetas, pin, etc)<br \/>\n-Acampada vigilada en c\u00e9sped a la sombra, ba\u00f1os y duchas con agua caliente.<br \/>\n-Montados del Viernes.<br \/>\n-Paella del S\u00e1bado mediod\u00eda.<br \/>\n-Rutas S\u00e1bado y Domingo, paradas con copa y degustaci\u00f3n de productos ib\u00e9ricos.<br \/>\n-Cena del S\u00e1bado en recinto ferial\u00a0con serranitos ib\u00e9ricos, bebida y helado.<br \/>\n-Fiesta motera en la carpa de la concentraci\u00f3n con m\u00fasica en directo y fiesta hasta altas horas.<br \/>\n-Desayuno del Domingo<br \/>\n-Comida del domingo en recinto ferial,\u00a0con ensalada, primer plato, segundo plato, helado y bebida.<br \/>\n-Degustaci\u00f3n de pasteles t\u00edpicos de la zona.<br \/>\n-Trofeos y regalos.<\/p>\n<p>Para los que no quer\u00e9is ir de tienda de campa\u00f1a tienen por 11\u20ac la opci\u00f3n de dormir en el albergue.<\/p>\n<p>En definitiva un fin de semana muy motero, cargado de m\u00fasica, motos, rutas, fiesta y buena compa\u00f1\u00eda.<\/p>\n<p>Si quieres m\u00e1s datos sobre la concentraci\u00f3n te puedes poner en contacto con los tel\u00e9fonos: 615 302 947 (Luis) \u2013 628 326 260, o a trav\u00e9s de sus correos electr\u00f3nicos: losvendios@hotmail.com \u2014 losvendios@yahoo.es \u2014<\/p>\n<p>Por si tienes pensado buscar alojamiento aqu\u00ed te dejo enlaces a los distintos lugares disponibles en Fregenal y alrededores:<br \/>\n\u2013 <a title=\"Albergue Nert\u00f3briga\" href=\"http:\/\/fregenal-de-la-sierra.salir.com\/albergue_nertobriga\" target=\"_blank\" rel=\"external nofollow\">Albergue Nert\u00f3briga<\/a><br \/>\n\u2013 <a title=\"Hotel Sierra Fregenal\" href=\"http:\/\/www.hotelsierrafregenal.com\/\" target=\"_blank\" rel=\"external nofollow\">Hotel Sierra Fregenal<\/a> **<br \/>\n\u2013 <a title=\"Hotel Cristina\" href=\"http:\/\/www.hotelcristinafregenal.com\/\" target=\"_blank\" rel=\"external nofollow\">Hotel Cristina<\/a> ***<br \/>\n\u2013 <a title=\"Hotel rural La Fontanilla\" href=\"http:\/\/www.la-fontanilla.es\/\" target=\"_blank\" rel=\"external nofollow\">Hotel rural La Fontanilla<\/a><br \/>\n\u2013 <a title=\"Casa rural El Lucio\" href=\"http:\/\/www.el-lucio.com\/\" target=\"_blank\" rel=\"external nofollow\">Casa rural El Lucio<\/a><br \/>\n\u2013 <a title=\"Hotel La Ch\u00e1cara\" href=\"http:\/\/www.alextur.net\/hotel\/chacara.html\" target=\"_blank\" rel=\"external nofollow\">Hotel La Ch\u00e1cara<\/a> (a 5 km en Higuera la Real)<br \/>\n\u2013 <a title=\"Hostal Hern\u00e1ndez\" href=\"http:\/\/www.infohostal.com\/guia\/badajoz\/higuera-la-real\/alojamiento\/2257\/hostal-hernandez.html\" target=\"_blank\" rel=\"external nofollow\">Hostal Hern\u00e1ndez<\/a> (a 5 km en Higuera la Real)<\/p>\n<p><strong><a title=\"Enlace al facebook de Moteros de Hoy\" href=\"https:\/\/www.facebook.com\/moteroshoy?ref=hl\" target=\"_blank\" rel=\"external nofollow\">Saludos y r\u00e1fagas<\/a><\/strong>.<\/p>\n<!-- AddThis Advanced Settings generic via filter on the_content --><!-- AddThis Share Buttons generic via filter on the_content -->","protected":false},"excerpt":{"rendered":"<p>La famosa concentraci\u00f3n motera de Fregenal de la Sierra realizar\u00e1 su vig\u00e9sima edici\u00f3n. La Pe\u00f1a Motera &#8220;Los Vend\u00edos&#8221; de Fregenal de la Sierra, nos ha programado la XX Concentraci\u00f3n Motera Serranitos, que tendr\u00e1 lugar el fin de semana del 26 al 28 de mayo, en su localidad Fregenal de la Sierra (Badajoz). Para ello han [&hellip;]<!-- AddThis Advanced Settings generic via filter on get_the_excerpt --><!-- AddThis Share Buttons generic via filter on get_the_excerpt --><\/p>\n","protected":false},"author":49,"featured_media":0,"comment_status":"open","ping_status":"closed","sticky":false,"template":"","format":"standard","meta":[],"categories":[9,13],"tags":[418,622,696,1071,1072],"_links":{"self":[{"href":"https:\/\/blogs.hoy.es\/moterosdehoy\/wp-json\/wp\/v2\/posts\/2198"}],"collection":[{"href":"https:\/\/blogs.hoy.es\/moterosdehoy\/wp-json\/wp\/v2\/posts"}],"about":[{"href":"https:\/\/blogs.hoy.es\/moterosdehoy\/wp-json\/wp\/v2\/types\/post"}],"author":[{"embeddable":true,"href":"https:\/\/blogs.hoy.es\/moterosdehoy\/wp-json\/wp\/v2\/users\/49"}],"replies":[{"embeddable":true,"href":"https:\/\/blogs.hoy.es\/moterosdehoy\/wp-json\/wp\/v2\/comments?post=2198"}],"version-history":[{"count":2,"href":"https:\/\/blogs.hoy.es\/moterosdehoy\/wp-json\/wp\/v2\/posts\/2198\/revisions"}],"predecessor-version":[{"id":2201,"href":"https:\/\/blogs.hoy.es\/moterosdehoy\/wp-json\/wp\/v2\/posts\/2198\/revisions\/2201"}],"wp:attachment":[{"href":"https:\/\/blogs.hoy.es\/moterosdehoy\/wp-json\/wp\/v2\/media?parent=2198"}],"wp:term":[{"taxonomy":"category","embeddable":true,"href":"https:\/\/blogs.hoy.es\/moterosdehoy\/wp-json\/wp\/v2\/categories?post=2198"},{"taxonomy":"post_tag","embeddable":true,"href":"https:\/\/blogs.hoy.es\/moterosdehoy\/wp-json\/wp\/v2\/tags?post=2198"}],"curies":[{"name":"wp","href":"https:\/\/api.w.org\/{rel}","templated":true}]}}