{"id":2205,"date":"2017-06-02T16:25:35","date_gmt":"2017-06-02T16:25:35","guid":{"rendered":"http:\/\/blogs.hoy.es\/moterosdehoy\/?p=2205"},"modified":"2017-06-02T16:27:59","modified_gmt":"2017-06-02T16:27:59","slug":"concentracion-motera-en-villafranca-de-los-barros","status":"publish","type":"post","link":"https:\/\/blogs.hoy.es\/moterosdehoy\/2017\/06\/02\/concentracion-motera-en-villafranca-de-los-barros\/","title":{"rendered":"Concentraci\u00f3n motera en Villafranca de los Barros"},"content":{"rendered":"<p>El fin de semana del 3 y 4 de junio <a href=\"https:\/\/es.wikipedia.org\/wiki\/Villafranca_de_los_Barros\" target=\"_blank\" rel=\"external nofollow\">Villafranca de los Barros<\/a> tendr\u00e1 concentraci\u00f3n de motos.<\/p>\n<p><a href=\"https:\/\/static-blogs.hoy.es\/wp-content\/uploads\/sites\/45\/2017\/06\/2017-06-Villafranca-de-los-barros.jpg\"><img loading=\"lazy\" class=\"alignleft size-medium wp-image-2206\" src=\"https:\/\/static-blogs.hoy.es\/wp-content\/uploads\/sites\/45\/2017\/06\/2017-06-Villafranca-de-los-barros-212x300.jpg\" alt=\"2017-06-villafranca-de-los-barros\" width=\"212\" height=\"300\" srcset=\"https:\/\/static-blogs.hoy.es\/wp-content\/uploads\/sites\/45\/2017\/06\/2017-06-Villafranca-de-los-barros-212x300.jpg 212w, https:\/\/static-blogs.hoy.es\/wp-content\/uploads\/sites\/45\/2017\/06\/2017-06-Villafranca-de-los-barros.jpg 679w\" sizes=\"(max-width: 212px) 100vw, 212px\" \/><\/a>Por tercera vez consecutiva el motoclub \u201cDomingueros Moteros\u201d, nos organiza una concentraci\u00f3n motera y nuevamente ser\u00e1 en su localidad <a title=\"Villafranca de los barros en wikipedia\" href=\"https:\/\/es.wikipedia.org\/wiki\/Villafranca_de_los_Barros\" target=\"_blank\" rel=\"external nofollow\">Villafranca de los Barros<\/a> (Badajoz). Se trata de su tercera concentraci\u00f3n motera.<\/p>\n<p>En \u00e9sta ocasi\u00f3n saltan de octubre, mes en el cual la hab\u00edan organizado anteriormente a junio, seguro que ahora tendr\u00e1n m\u00e1s visitantes, y adem\u00e1s pasan de organizarlo de un d\u00eda a dos, para cubrir el s\u00e1bado y domingo.<!--more--><\/p>\n<p>Tendr\u00e1n una inscripci\u00f3n de 7 euros para el domingo y de 15 para los dos d\u00edas. En el propio cartel tienes detallado el programa con sus horarios.<\/p>\n<p>El s\u00e1bado se abrir\u00e1n las inscripciones a las 11 horas y habr\u00e1 actividades durante todo el d\u00eda, hasta lanzada la madrugada. El domingo a las 09 de nuevo apertura de inscripciones y actividades hasta despu\u00e9s de comer.<\/p>\n<p>&nbsp;<\/p>\n<p>De seguro que acudir\u00e1 mucha gente, pues el tiempo acompa\u00f1a, aunque recuerda llevar una gorra para cuando te bajes de la moto, el sol ya calienta.<\/p>\n<p>Saludos y r\u00e1fagas.<\/p>\n<!-- AddThis Advanced Settings generic via filter on the_content --><!-- AddThis Share Buttons generic via filter on the_content -->","protected":false},"excerpt":{"rendered":"<p>El fin de semana del 3 y 4 de junio Villafranca de los Barros tendr\u00e1 concentraci\u00f3n de motos. Por tercera vez consecutiva el motoclub \u201cDomingueros Moteros\u201d, nos organiza una concentraci\u00f3n motera y nuevamente ser\u00e1 en su localidad Villafranca de los Barros (Badajoz). Se trata de su tercera concentraci\u00f3n motera. En \u00e9sta ocasi\u00f3n saltan de octubre, [&hellip;]<!-- AddThis Advanced Settings generic via filter on get_the_excerpt --><!-- AddThis Share Buttons generic via filter on get_the_excerpt --><\/p>\n","protected":false},"author":49,"featured_media":0,"comment_status":"open","ping_status":"closed","sticky":false,"template":"","format":"standard","meta":[],"categories":[9,13],"tags":[194,622,1012],"_links":{"self":[{"href":"https:\/\/blogs.hoy.es\/moterosdehoy\/wp-json\/wp\/v2\/posts\/2205"}],"collection":[{"href":"https:\/\/blogs.hoy.es\/moterosdehoy\/wp-json\/wp\/v2\/posts"}],"about":[{"href":"https:\/\/blogs.hoy.es\/moterosdehoy\/wp-json\/wp\/v2\/types\/post"}],"author":[{"embeddable":true,"href":"https:\/\/blogs.hoy.es\/moterosdehoy\/wp-json\/wp\/v2\/users\/49"}],"replies":[{"embeddable":true,"href":"https:\/\/blogs.hoy.es\/moterosdehoy\/wp-json\/wp\/v2\/comments?post=2205"}],"version-history":[{"count":2,"href":"https:\/\/blogs.hoy.es\/moterosdehoy\/wp-json\/wp\/v2\/posts\/2205\/revisions"}],"predecessor-version":[{"id":2208,"href":"https:\/\/blogs.hoy.es\/moterosdehoy\/wp-json\/wp\/v2\/posts\/2205\/revisions\/2208"}],"wp:attachment":[{"href":"https:\/\/blogs.hoy.es\/moterosdehoy\/wp-json\/wp\/v2\/media?parent=2205"}],"wp:term":[{"taxonomy":"category","embeddable":true,"href":"https:\/\/blogs.hoy.es\/moterosdehoy\/wp-json\/wp\/v2\/categories?post=2205"},{"taxonomy":"post_tag","embeddable":true,"href":"https:\/\/blogs.hoy.es\/moterosdehoy\/wp-json\/wp\/v2\/tags?post=2205"}],"curies":[{"name":"wp","href":"https:\/\/api.w.org\/{rel}","templated":true}]}}