{"id":2209,"date":"2017-06-05T22:18:54","date_gmt":"2017-06-05T22:18:54","guid":{"rendered":"http:\/\/blogs.hoy.es\/moterosdehoy\/?p=2209"},"modified":"2017-06-05T22:19:30","modified_gmt":"2017-06-05T22:19:30","slug":"convivencia-motera-en-alvarado","status":"publish","type":"post","link":"https:\/\/blogs.hoy.es\/moterosdehoy\/2017\/06\/05\/convivencia-motera-en-alvarado\/","title":{"rendered":"Convivencia motera en Alvarado"},"content":{"rendered":"<p>El domingo 11 de junio tendr\u00e1 lugar la octava convivencia motera en <a href=\"https:\/\/es.wikipedia.org\/wiki\/Alvarado_(Badajoz)\" target=\"_blank\" rel=\"external nofollow\">Alvarado<\/a> (Badajoz).<\/p>\n<p><a href=\"https:\/\/static-blogs.hoy.es\/wp-content\/uploads\/sites\/45\/2017\/06\/2017-06-Alvarado.jpg\"><img loading=\"lazy\" class=\"alignleft size-medium wp-image-2210\" src=\"https:\/\/static-blogs.hoy.es\/wp-content\/uploads\/sites\/45\/2017\/06\/2017-06-Alvarado-214x300.jpg\" alt=\"2017-06-alvarado\" width=\"214\" height=\"300\" srcset=\"https:\/\/static-blogs.hoy.es\/wp-content\/uploads\/sites\/45\/2017\/06\/2017-06-Alvarado-214x300.jpg 214w, https:\/\/static-blogs.hoy.es\/wp-content\/uploads\/sites\/45\/2017\/06\/2017-06-Alvarado.jpg 411w\" sizes=\"(max-width: 214px) 100vw, 214px\" \/><\/a>Se trata de una concentraci\u00f3n motera de un d\u00eda, en el que pr\u00e1cticamente todo el pueblo se vuelca con el evento, lo que permite que salga todo rodado.<\/p>\n<p>Una vez m\u00e1s de la mano de Los Torremotos, que llevan meses trabajando para que como en ediciones anteriores la convivencia sea un \u00e9xito y pueda disfrutarla todo el que aparezca. Como se puede ver en el propio cartel hay muchos colaboradores, que todos han aportado algo para conseguir que la comida sea gratuita para los asistentes.<!--more--><\/p>\n<p>PROGRAMA:<\/p>\n<p>\u2013 10:00h.\u00a0<strong>DESAYUNO<\/strong>\u00a0en Mes\u00f3n el Sitio (Alvarado)<\/p>\n<p>\u2013 11:00h.\u00a0<strong>RUTA<\/strong>\u00a0de unos 70 km, Alvarado, La Albuera, Valverde de Legan\u00e9s, Almendral, La Albuera. Con\u00a0parada en el Bar \u201cCecilio\u201d donde habr\u00e1 un refrigerio, antes de continuar hasta Alvarado, donde finalizar\u00e1\u00a0la ruta sobre las 13:00 h.<\/p>\n<p>\u2013\u00a0<strong>COMIDA<\/strong>, ser\u00e1 al lado del Bar de \u201cGuille\u201d donde habr\u00e1 comida variada, vino, calimocho y cerveza hasta agotar existencia TOTALMENTE GRATIS.<\/p>\n<p>Adem\u00e1s para amenizar la tarde estar\u00e1 la actuaci\u00f3n del grupo THE PLAYMAUTH.<\/p>\n<p>Es\u00a0<strong>importante<\/strong>\u00a0que record\u00e9is llevar algo, tendr\u00e1n recogida de alimentos \u201c<strong>KILO SOLIDARIO<\/strong>\u201c, en \u00e9sta ocasi\u00f3n ser\u00e1 para el banco de alimentos de Cruz Roja. Colabora aportando alimentos no perecederos como aceites, legumbres, pasta, azucar\u2026<\/p>\n<p>Los m\u00e1s madrugadores dir\u00e1n que el desayuno comienza tarde, pero tener en cuenta que la mayor\u00eda de los asistentes se desplazar\u00e1n desde fuera, por lo que da tiempo a que pueda llegar el personal.<\/p>\n<p>Saludos y r\u00e1fagas.<\/p>\n<!-- AddThis Advanced Settings generic via filter on the_content --><!-- AddThis Share Buttons generic via filter on the_content -->","protected":false},"excerpt":{"rendered":"<p>El domingo 11 de junio tendr\u00e1 lugar la octava convivencia motera en Alvarado (Badajoz). Se trata de una concentraci\u00f3n motera de un d\u00eda, en el que pr\u00e1cticamente todo el pueblo se vuelca con el evento, lo que permite que salga todo rodado. Una vez m\u00e1s de la mano de Los Torremotos, que llevan meses trabajando [&hellip;]<!-- AddThis Advanced Settings generic via filter on get_the_excerpt --><!-- AddThis Share Buttons generic via filter on get_the_excerpt --><\/p>\n","protected":false},"author":49,"featured_media":0,"comment_status":"open","ping_status":"closed","sticky":false,"template":"","format":"standard","meta":[],"categories":[9,13],"tags":[1075,582,622,696],"_links":{"self":[{"href":"https:\/\/blogs.hoy.es\/moterosdehoy\/wp-json\/wp\/v2\/posts\/2209"}],"collection":[{"href":"https:\/\/blogs.hoy.es\/moterosdehoy\/wp-json\/wp\/v2\/posts"}],"about":[{"href":"https:\/\/blogs.hoy.es\/moterosdehoy\/wp-json\/wp\/v2\/types\/post"}],"author":[{"embeddable":true,"href":"https:\/\/blogs.hoy.es\/moterosdehoy\/wp-json\/wp\/v2\/users\/49"}],"replies":[{"embeddable":true,"href":"https:\/\/blogs.hoy.es\/moterosdehoy\/wp-json\/wp\/v2\/comments?post=2209"}],"version-history":[{"count":2,"href":"https:\/\/blogs.hoy.es\/moterosdehoy\/wp-json\/wp\/v2\/posts\/2209\/revisions"}],"predecessor-version":[{"id":2212,"href":"https:\/\/blogs.hoy.es\/moterosdehoy\/wp-json\/wp\/v2\/posts\/2209\/revisions\/2212"}],"wp:attachment":[{"href":"https:\/\/blogs.hoy.es\/moterosdehoy\/wp-json\/wp\/v2\/media?parent=2209"}],"wp:term":[{"taxonomy":"category","embeddable":true,"href":"https:\/\/blogs.hoy.es\/moterosdehoy\/wp-json\/wp\/v2\/categories?post=2209"},{"taxonomy":"post_tag","embeddable":true,"href":"https:\/\/blogs.hoy.es\/moterosdehoy\/wp-json\/wp\/v2\/tags?post=2209"}],"curies":[{"name":"wp","href":"https:\/\/api.w.org\/{rel}","templated":true}]}}