{"id":2213,"date":"2017-06-10T17:46:19","date_gmt":"2017-06-10T17:46:19","guid":{"rendered":"http:\/\/blogs.hoy.es\/moterosdehoy\/?p=2213"},"modified":"2017-06-10T17:46:19","modified_gmt":"2017-06-10T17:46:19","slug":"dia-nacional-de-la-moto-2017","status":"publish","type":"post","link":"https:\/\/blogs.hoy.es\/moterosdehoy\/2017\/06\/10\/dia-nacional-de-la-moto-2017\/","title":{"rendered":"D\u00eda nacional de la moto 2017"},"content":{"rendered":"<p>Cada segundo domingo de junio y por tercer a\u00f1o consecutivo, el 11 de junio tendr\u00e1 lugar el D\u00cdA NACIONAL DE LA MOTO EN ESPA\u00d1A.<\/p>\n<p><a href=\"https:\/\/static-blogs.hoy.es\/wp-content\/uploads\/sites\/45\/2017\/06\/dia-nacional-de-la-moto-2017-pmsv.jpg\"><img loading=\"lazy\" class=\"alignleft size-medium wp-image-2214\" src=\"https:\/\/static-blogs.hoy.es\/wp-content\/uploads\/sites\/45\/2017\/06\/dia-nacional-de-la-moto-2017-pmsv-212x300.jpg\" alt=\"dia-nacional-de-la-moto-2017-pmsv\" width=\"212\" height=\"300\" srcset=\"https:\/\/static-blogs.hoy.es\/wp-content\/uploads\/sites\/45\/2017\/06\/dia-nacional-de-la-moto-2017-pmsv-212x300.jpg 212w, https:\/\/static-blogs.hoy.es\/wp-content\/uploads\/sites\/45\/2017\/06\/dia-nacional-de-la-moto-2017-pmsv-768x1089.jpg 768w, https:\/\/static-blogs.hoy.es\/wp-content\/uploads\/sites\/45\/2017\/06\/dia-nacional-de-la-moto-2017-pmsv-722x1024.jpg 722w, https:\/\/static-blogs.hoy.es\/wp-content\/uploads\/sites\/45\/2017\/06\/dia-nacional-de-la-moto-2017-pmsv.jpg 1128w\" sizes=\"(max-width: 212px) 100vw, 212px\" \/><\/a>\u00c9sta ser\u00e1 la tercera vez consecutiva en la que se celebra el &#8220;D\u00eda nacional de la moto en Espa\u00f1a&#8221;, tras que lo reconociera como tal en el 2015 la Comisi\u00f3n de Seguridad Vial y Movilidad Sostenible: Ser\u00e1 el domingo 11 de junio.<!--more--><\/p>\n<p>A nivel nacional la Plataforma Motera para la Seguridad Vial &#8220;<a href=\"http:\/\/www.pmsv.org\/\" target=\"_blank\" rel=\"external nofollow\">PMSV<\/a>&#8221; ha organizado en diferentes puntos de nuestra geograf\u00eda un d\u00eda l\u00fadico, con trasfondo reivindicativo, a la vez que educativo pero con un objetivo claro, mostrar la importancia econ\u00f3mica del uso de la motocicleta en nuestra sociedad, las ventajas de su uso y borrar los estereotipos de los motoristas. Hay que cambiar la forma de ver la Seguridad Vial, los motoristas somos m\u00e1s vulnerables, pero no s\u00f3lo depende de nosotros nuestra seguridad, el resto de usuarios de la v\u00eda deben de tenernos consideraci\u00f3n con respecto a nuestra desigualdad, y las administraciones p\u00fablicas deben de cumplir sus obligaciones.<\/p>\n<p>Es una pena que un evento de \u00e9ste tipo no tenga ramificaciones en todas las provincias espa\u00f1olas, y se sit\u00fae \u00fanicamente en algunos puntos en los que alg\u00fan organizador ha querido tirar del carro. Deber\u00eda ser la propia administraci\u00f3n la organizadora de un evento de \u00e9sta \u00edndole. Son once los puntos donde se celebrar\u00e1, entre ellos: A Coru\u00f1a, Ciudad Real, Ja\u00e9n, La Gomera (Tenerife), Las Palmas, Logro\u00f1o, Madrid, Murcia, Sevilla, Valencia, y Valladolid.<\/p>\n<p>Curioso que en <a href=\"http:\/\/www.juntaex.es\/web\/\" target=\"_blank\" rel=\"external nofollow\">Extremadura<\/a> no tengamos nada, as\u00ed nos va, con carreteras especialmente deterioradas, incluido el estado del firme dentro la las grades capitales. En el caso de <a href=\"http:\/\/www.aytobadajoz.es\/es\/ayto\/portada\" target=\"_blank\" rel=\"external nofollow\">Badajoz<\/a> hay numerosos &#8220;socabones&#8221; en los que al entrar las ruedas de la motocicleta ir\u00e1s sin duda al suelo. Carriles bus que han habilitado para circular con las motos, pero que finalizan sin saber si tienes preferencia o debes ceder el paso. Resaltes de reducci\u00f3n de velocidad peligrosos. Estacionamientos de motocicletas pintados al contrario o de tama\u00f1os en los que no cabe ni un ciclomotor&#8230; pero no pasa nada, de seguro est\u00e1 junto a un carril sumamente estrecho y dejando la moto expuesta a un choque. Rotondas con el pavimento tan pulido por el paso de los veh\u00edculos que parecen pistas de patinaje&#8230; As\u00ed que abre bien los ojos y estate pendiente de donde ruedas, cuando tengas un accidente de seguro que ser\u00e1s tu el responsable, y aunque no lo seas, s\u00ed que ser\u00e1s el que escape con lesiones m\u00e1s graves.<\/p>\n<p>Saludos y r\u00e1fagas.<\/p>\n<p align=\"right\">\n<p align=\"right\">\n<p align=\"right\">\n<p align=\"right\">\n<!-- AddThis Advanced Settings generic via filter on the_content --><!-- AddThis Share Buttons generic via filter on the_content -->","protected":false},"excerpt":{"rendered":"<p>Cada segundo domingo de junio y por tercer a\u00f1o consecutivo, el 11 de junio tendr\u00e1 lugar el D\u00cdA NACIONAL DE LA MOTO EN ESPA\u00d1A. \u00c9sta ser\u00e1 la tercera vez consecutiva en la que se celebra el &#8220;D\u00eda nacional de la moto en Espa\u00f1a&#8221;, tras que lo reconociera como tal en el 2015 la Comisi\u00f3n de [&hellip;]<!-- AddThis Advanced Settings generic via filter on get_the_excerpt --><!-- AddThis Share Buttons generic via filter on get_the_excerpt --><\/p>\n","protected":false},"author":49,"featured_media":0,"comment_status":"open","ping_status":"closed","sticky":false,"template":"","format":"standard","meta":[],"categories":[9,13],"tags":[69,337,622,788],"_links":{"self":[{"href":"https:\/\/blogs.hoy.es\/moterosdehoy\/wp-json\/wp\/v2\/posts\/2213"}],"collection":[{"href":"https:\/\/blogs.hoy.es\/moterosdehoy\/wp-json\/wp\/v2\/posts"}],"about":[{"href":"https:\/\/blogs.hoy.es\/moterosdehoy\/wp-json\/wp\/v2\/types\/post"}],"author":[{"embeddable":true,"href":"https:\/\/blogs.hoy.es\/moterosdehoy\/wp-json\/wp\/v2\/users\/49"}],"replies":[{"embeddable":true,"href":"https:\/\/blogs.hoy.es\/moterosdehoy\/wp-json\/wp\/v2\/comments?post=2213"}],"version-history":[{"count":2,"href":"https:\/\/blogs.hoy.es\/moterosdehoy\/wp-json\/wp\/v2\/posts\/2213\/revisions"}],"predecessor-version":[{"id":2216,"href":"https:\/\/blogs.hoy.es\/moterosdehoy\/wp-json\/wp\/v2\/posts\/2213\/revisions\/2216"}],"wp:attachment":[{"href":"https:\/\/blogs.hoy.es\/moterosdehoy\/wp-json\/wp\/v2\/media?parent=2213"}],"wp:term":[{"taxonomy":"category","embeddable":true,"href":"https:\/\/blogs.hoy.es\/moterosdehoy\/wp-json\/wp\/v2\/categories?post=2213"},{"taxonomy":"post_tag","embeddable":true,"href":"https:\/\/blogs.hoy.es\/moterosdehoy\/wp-json\/wp\/v2\/tags?post=2213"}],"curies":[{"name":"wp","href":"https:\/\/api.w.org\/{rel}","templated":true}]}}