{"id":2223,"date":"2017-06-16T18:26:16","date_gmt":"2017-06-16T18:26:16","guid":{"rendered":"http:\/\/blogs.hoy.es\/moterosdehoy\/?p=2223"},"modified":"2017-06-16T18:26:16","modified_gmt":"2017-06-16T18:26:16","slug":"xxii-concentracion-nacional-de-motos-el-ciervo-alado-deliada","status":"publish","type":"post","link":"https:\/\/blogs.hoy.es\/moterosdehoy\/2017\/06\/16\/xxii-concentracion-nacional-de-motos-el-ciervo-alado-deliada\/","title":{"rendered":"XXII Concentraci\u00f3n Nacional de motos El Ciervo Alado Deliada"},"content":{"rendered":"<h3>Del 16 al 18 de junio, tenemos la vig\u00e9sima segunda concentraci\u00f3n del moto club &#8220;El Ciervo Alado Deliada&#8221;<\/h3>\n<p><a href=\"https:\/\/static-blogs.hoy.es\/wp-content\/uploads\/sites\/45\/2017\/06\/2017-06-Herrera-del-Duque-.jpg\"><img loading=\"lazy\" class=\"alignleft size-medium wp-image-2224\" src=\"https:\/\/static-blogs.hoy.es\/wp-content\/uploads\/sites\/45\/2017\/06\/2017-06-Herrera-del-Duque--215x300.jpg\" alt=\"2017-06-herrera-del-duque\" width=\"215\" height=\"300\" srcset=\"https:\/\/static-blogs.hoy.es\/wp-content\/uploads\/sites\/45\/2017\/06\/2017-06-Herrera-del-Duque--215x300.jpg 215w, https:\/\/static-blogs.hoy.es\/wp-content\/uploads\/sites\/45\/2017\/06\/2017-06-Herrera-del-Duque-.jpg 687w\" sizes=\"(max-width: 215px) 100vw, 215px\" \/><\/a>El moto club \u201cEl Ciervo Alado \u2013 Deliada\u201d de\u00a0<strong><a title=\"Herrera del Duque en wikipedia\" href=\"http:\/\/es.wikipedia.org\/wiki\/Herrera_del_Duque\" target=\"_blank\" rel=\"external nofollow\">Herrera del Duque<\/a><\/strong>\u00a0(Badajoz) nos tiene preparado para el fin de semana\u00a0<strong>del 16 al 18 de junio<\/strong>\u00a0su XXII Concentraci\u00f3n Nacional de Motos. Como en ediciones anteriores ser\u00e1\u00a0en su localidad.\u00a0<!--more--><\/p>\n<div id=\"attachment_1139\">\n<p>Habr\u00e1n dos <strong>inscripciones 19\u20ac para todo el fin de semana y 11\u20ac para solo domingo<\/strong>. Para \u00e9sta ocasi\u00f3n ha habido una fuerte bajada de precios. Con ellas obtendr\u00e1s una bolsa de bienvenida con camiseta, llavero, pegatina, tickets de consumici\u00f3n, publicidad y acceso a zona de acampada vigilada. Tambi\u00e9n est\u00e1 disponible el albergue para los primeros 52 que lo soliciten, con un sobre precio de 5\u20ac y con la condici\u00f3n de que lleven sus s\u00e1banas.<a href=\"https:\/\/static-blogs.hoy.es\/wp-content\/uploads\/sites\/45\/2017\/06\/Programa-Herrera-del-Duque.jpg\"><img loading=\"lazy\" class=\"alignright size-medium wp-image-2225\" src=\"https:\/\/static-blogs.hoy.es\/wp-content\/uploads\/sites\/45\/2017\/06\/Programa-Herrera-del-Duque-300x223.jpg\" alt=\"programa-herrera-del-duque\" width=\"300\" height=\"223\" srcset=\"https:\/\/static-blogs.hoy.es\/wp-content\/uploads\/sites\/45\/2017\/06\/Programa-Herrera-del-Duque-300x223.jpg 300w, https:\/\/static-blogs.hoy.es\/wp-content\/uploads\/sites\/45\/2017\/06\/Programa-Herrera-del-Duque-768x571.jpg 768w, https:\/\/static-blogs.hoy.es\/wp-content\/uploads\/sites\/45\/2017\/06\/Programa-Herrera-del-Duque.jpg 811w\" sizes=\"(max-width: 300px) 100vw, 300px\" \/><\/a><\/p>\n<p>Adjunto una fotograf\u00eda que detalla todo el programa,\u00a0haz clic sobre la imagen y lo ver\u00e1s ampliado. Todo comenzar\u00e1 el viernes a las 21 horas, y se alargar\u00e1 hasta el domingo a las 17 horas, que se realizar\u00e1 la despedida y cierre de la concentraci\u00f3n.<\/p>\n<p>Herrera del Duque es una localidad de Extremadura situada a algo menos de 140km de la Capital auton\u00f3mica, unos 150km de C\u00e1ceres y algo m\u00e1s de 190 de Badajoz, su capital de provincia.<\/p>\n<p>No lo dudes y acude a\u00a0disfrutar de un buen fin de semana motero. En el entorno de la localidad hay muy buenas carreteras para nuestras m\u00e1quinas, tanto por el buen asfalto, como por el paisaje y las curvitas.<\/p>\n<\/div>\n<p>Saludos y r\u00e1fagas.<\/p>\n<!-- AddThis Advanced Settings generic via filter on the_content --><!-- AddThis Share Buttons generic via filter on the_content -->","protected":false},"excerpt":{"rendered":"<p>Del 16 al 18 de junio, tenemos la vig\u00e9sima segunda concentraci\u00f3n del moto club &#8220;El Ciervo Alado Deliada&#8221; El moto club \u201cEl Ciervo Alado \u2013 Deliada\u201d de\u00a0Herrera del Duque\u00a0(Badajoz) nos tiene preparado para el fin de semana\u00a0del 16 al 18 de junio\u00a0su XXII Concentraci\u00f3n Nacional de Motos. Como en ediciones anteriores ser\u00e1\u00a0en su localidad.\u00a0<!-- AddThis Advanced Settings generic via filter on get_the_excerpt --><!-- AddThis Share Buttons generic via filter on get_the_excerpt --><\/p>\n","protected":false},"author":49,"featured_media":0,"comment_status":"open","ping_status":"closed","sticky":false,"template":"","format":"standard","meta":[],"categories":[9,13],"tags":[194,358,1077,622,696],"_links":{"self":[{"href":"https:\/\/blogs.hoy.es\/moterosdehoy\/wp-json\/wp\/v2\/posts\/2223"}],"collection":[{"href":"https:\/\/blogs.hoy.es\/moterosdehoy\/wp-json\/wp\/v2\/posts"}],"about":[{"href":"https:\/\/blogs.hoy.es\/moterosdehoy\/wp-json\/wp\/v2\/types\/post"}],"author":[{"embeddable":true,"href":"https:\/\/blogs.hoy.es\/moterosdehoy\/wp-json\/wp\/v2\/users\/49"}],"replies":[{"embeddable":true,"href":"https:\/\/blogs.hoy.es\/moterosdehoy\/wp-json\/wp\/v2\/comments?post=2223"}],"version-history":[{"count":2,"href":"https:\/\/blogs.hoy.es\/moterosdehoy\/wp-json\/wp\/v2\/posts\/2223\/revisions"}],"predecessor-version":[{"id":2227,"href":"https:\/\/blogs.hoy.es\/moterosdehoy\/wp-json\/wp\/v2\/posts\/2223\/revisions\/2227"}],"wp:attachment":[{"href":"https:\/\/blogs.hoy.es\/moterosdehoy\/wp-json\/wp\/v2\/media?parent=2223"}],"wp:term":[{"taxonomy":"category","embeddable":true,"href":"https:\/\/blogs.hoy.es\/moterosdehoy\/wp-json\/wp\/v2\/categories?post=2223"},{"taxonomy":"post_tag","embeddable":true,"href":"https:\/\/blogs.hoy.es\/moterosdehoy\/wp-json\/wp\/v2\/tags?post=2223"}],"curies":[{"name":"wp","href":"https:\/\/api.w.org\/{rel}","templated":true}]}}