{"id":2228,"date":"2017-06-17T15:45:36","date_gmt":"2017-06-17T15:45:36","guid":{"rendered":"http:\/\/blogs.hoy.es\/moterosdehoy\/?p=2228"},"modified":"2017-06-17T15:45:36","modified_gmt":"2017-06-17T15:45:36","slug":"quedada-motera-en-valdebotoa","status":"publish","type":"post","link":"https:\/\/blogs.hoy.es\/moterosdehoy\/2017\/06\/17\/quedada-motera-en-valdebotoa\/","title":{"rendered":"Quedada motera en Valdebotoa"},"content":{"rendered":"<h3>El domingo 18 de junio tendr\u00e1 lugar una quedada motera en Valdebotoa.<\/h3>\n<p><a href=\"https:\/\/static-blogs.hoy.es\/wp-content\/uploads\/sites\/45\/2017\/06\/2017-18-Valdebotoa.jpg\"><img loading=\"lazy\" class=\"alignleft size-medium wp-image-2229\" src=\"https:\/\/static-blogs.hoy.es\/wp-content\/uploads\/sites\/45\/2017\/06\/2017-18-Valdebotoa-213x300.jpg\" alt=\"2017-18-valdebotoa\" width=\"213\" height=\"300\" srcset=\"https:\/\/static-blogs.hoy.es\/wp-content\/uploads\/sites\/45\/2017\/06\/2017-18-Valdebotoa-213x300.jpg 213w, https:\/\/static-blogs.hoy.es\/wp-content\/uploads\/sites\/45\/2017\/06\/2017-18-Valdebotoa.jpg 682w\" sizes=\"(max-width: 213px) 100vw, 213px\" \/><\/a>La Pe\u00f1a Motera Los Ballones de <a href=\"https:\/\/es.wikipedia.org\/wiki\/Valdeb%C3%B3toa\" rel=\"external nofollow\">Valdebotoa<\/a>, nos ha preparado para \u00e9ste a\u00f1o algo m\u00e1s comedido, en lugar de un evento motero de dos d\u00edas han preferido una quedada motera de un solo d\u00eda, pero a pesar de la ola de calor seguro que ser\u00e1 todo un \u00e9xito.<!--more--><\/p>\n<p>Dar\u00e1 comienzo en el Restaurante La Aldea, a las 9:30 h, donde habr\u00e1 caf\u00e9, y dar\u00e1n migas gratis hasta finalizar existencias.<\/p>\n<p>A las 11:00 h, inicio de ruta por la zona, Valdebotoa, Villar del Rey, Aliseda, Herreruela, Alburquerque, Valdebotoa. Lo que hacen 143 km y seg\u00fan google dos horas menos cuarto de recorrido.<\/p>\n<p>A las 15:00 h, Paella, de nuevo en restaurante La Aldea en Valdebotoa, y como anuncian en el cartel gratis.<\/p>\n<p>En el mismo fin de semana\u00a0por la zona no hay otra concentraci\u00f3n motera, por lo que es de prever que se acerquen muchos moteros, aunque puede que la ruta se vea mermada y acudan directamente a acompa\u00f1ar un rato, o bien durante el desayuno, o al medio d\u00eda para tomar alg\u00fan refresco.<\/p>\n<p>No lo dudes y acude a la cita, ellos lo agradecer\u00e1n y seguro que te encuentras a buenos amigos.<\/p>\n<p>Saludos y r\u00e1fagas.<\/p>\n<!-- AddThis Advanced Settings generic via filter on the_content --><!-- AddThis Share Buttons generic via filter on the_content -->","protected":false},"excerpt":{"rendered":"<p>El domingo 18 de junio tendr\u00e1 lugar una quedada motera en Valdebotoa. La Pe\u00f1a Motera Los Ballones de Valdebotoa, nos ha preparado para \u00e9ste a\u00f1o algo m\u00e1s comedido, en lugar de un evento motero de dos d\u00edas han preferido una quedada motera de un solo d\u00eda, pero a pesar de la ola de calor seguro [&hellip;]<!-- AddThis Advanced Settings generic via filter on get_the_excerpt --><!-- AddThis Share Buttons generic via filter on get_the_excerpt --><\/p>\n","protected":false},"author":49,"featured_media":0,"comment_status":"open","ping_status":"closed","sticky":false,"template":"","format":"standard","meta":[],"categories":[9,13],"tags":[622,696,764,816,1078],"_links":{"self":[{"href":"https:\/\/blogs.hoy.es\/moterosdehoy\/wp-json\/wp\/v2\/posts\/2228"}],"collection":[{"href":"https:\/\/blogs.hoy.es\/moterosdehoy\/wp-json\/wp\/v2\/posts"}],"about":[{"href":"https:\/\/blogs.hoy.es\/moterosdehoy\/wp-json\/wp\/v2\/types\/post"}],"author":[{"embeddable":true,"href":"https:\/\/blogs.hoy.es\/moterosdehoy\/wp-json\/wp\/v2\/users\/49"}],"replies":[{"embeddable":true,"href":"https:\/\/blogs.hoy.es\/moterosdehoy\/wp-json\/wp\/v2\/comments?post=2228"}],"version-history":[{"count":1,"href":"https:\/\/blogs.hoy.es\/moterosdehoy\/wp-json\/wp\/v2\/posts\/2228\/revisions"}],"predecessor-version":[{"id":2230,"href":"https:\/\/blogs.hoy.es\/moterosdehoy\/wp-json\/wp\/v2\/posts\/2228\/revisions\/2230"}],"wp:attachment":[{"href":"https:\/\/blogs.hoy.es\/moterosdehoy\/wp-json\/wp\/v2\/media?parent=2228"}],"wp:term":[{"taxonomy":"category","embeddable":true,"href":"https:\/\/blogs.hoy.es\/moterosdehoy\/wp-json\/wp\/v2\/categories?post=2228"},{"taxonomy":"post_tag","embeddable":true,"href":"https:\/\/blogs.hoy.es\/moterosdehoy\/wp-json\/wp\/v2\/tags?post=2228"}],"curies":[{"name":"wp","href":"https:\/\/api.w.org\/{rel}","templated":true}]}}