{"id":2231,"date":"2017-06-21T08:28:38","date_gmt":"2017-06-21T08:28:38","guid":{"rendered":"http:\/\/blogs.hoy.es\/moterosdehoy\/?p=2231"},"modified":"2017-06-21T08:28:38","modified_gmt":"2017-06-21T08:28:38","slug":"primera-quedada-motera-en-esparragalejo","status":"publish","type":"post","link":"https:\/\/blogs.hoy.es\/moterosdehoy\/2017\/06\/21\/primera-quedada-motera-en-esparragalejo\/","title":{"rendered":"Primera quedada motera en Esparragalejo"},"content":{"rendered":"<h3>Bajo el t\u00edtulo de &#8220;I Quedada Motera&#8221;, Esparragalejo (Badajoz) tendr\u00e1 su primera quedada motera, con el reclamo de Migas y Paella gratis para todos los participantes.<\/h3>\n<p><a href=\"https:\/\/static-blogs.hoy.es\/wp-content\/uploads\/sites\/45\/2017\/06\/2017-06-Esparragalejo.jpg\"><img loading=\"lazy\" class=\"alignleft size-medium wp-image-2232\" src=\"https:\/\/static-blogs.hoy.es\/wp-content\/uploads\/sites\/45\/2017\/06\/2017-06-Esparragalejo-300x212.jpg\" alt=\"2017-06-esparragalejo\" width=\"300\" height=\"212\" srcset=\"https:\/\/static-blogs.hoy.es\/wp-content\/uploads\/sites\/45\/2017\/06\/2017-06-Esparragalejo-300x212.jpg 300w, https:\/\/static-blogs.hoy.es\/wp-content\/uploads\/sites\/45\/2017\/06\/2017-06-Esparragalejo-768x542.jpg 768w, https:\/\/static-blogs.hoy.es\/wp-content\/uploads\/sites\/45\/2017\/06\/2017-06-Esparragalejo.jpg 960w\" sizes=\"(max-width: 300px) 100vw, 300px\" \/><\/a>Tendr\u00e1 lugar el domingo d\u00eda 25 de junio con hora de encuentro a las 10:00h en la Plaza Libertad, de su localidad.<\/p>\n<p>Desde dicha plaza se iniciar\u00e1 una ruta por Esparragalejo, M\u00e9rida, Aljuc\u00e9n, La Nava de Santiago, Montijo, hay habr\u00e1 una parada, y ya se habr\u00e1n realizado unos 60 kil\u00f3metros.<!--more--><\/p>\n<p>Tras la parada en Montijo continuar\u00e1 la ruta por Torremayor, La Garrovilla, y Esparragalejo, lugar de destino y donde tendr\u00e1 lugar la comida. \u00c9ste segundo tramo tiene unos 27 km.<\/p>\n<p>La totalidad del recorrido son unos escasos 90 kil\u00f3metros, lo que es de agradecer con \u00e9stas altas temperaturas. Los organizadores son la Pe\u00f1a motera &#8220;Al cuarto de vuelta&#8221; y el propio Ayuntamiento de la localidad.<\/p>\n<p><a href=\"https:\/\/es.wikipedia.org\/wiki\/Esparragalejo\" rel=\"external nofollow\">Esparragalejo<\/a>, es una localidad Extreme\u00f1a que quiere rozar los\u00a01500 habitantes, y seguro ver\u00e1n crecida su poblaci\u00f3n por los moteros el d\u00eda de la quedada. Se encuentra a unos 55 km de Badajoz, capital de provincia, a unos 7 de M\u00e9rida, y sobre 80 de C\u00e1ceres. Al tener un enclave tan c\u00e9ntrico es seguro que acudir\u00e1n motos de todos los puntos de la regi\u00f3n.<\/p>\n<p>No lo dudes y acude a pasar un gran d\u00eda entre amigos.<\/p>\n<p>Saludos y r\u00e1fagas.<\/p>\n<!-- AddThis Advanced Settings generic via filter on the_content --><!-- AddThis Share Buttons generic via filter on the_content -->","protected":false},"excerpt":{"rendered":"<p>Bajo el t\u00edtulo de &#8220;I Quedada Motera&#8221;, Esparragalejo (Badajoz) tendr\u00e1 su primera quedada motera, con el reclamo de Migas y Paella gratis para todos los participantes. Tendr\u00e1 lugar el domingo d\u00eda 25 de junio con hora de encuentro a las 10:00h en la Plaza Libertad, de su localidad. Desde dicha plaza se iniciar\u00e1 una ruta [&hellip;]<!-- AddThis Advanced Settings generic via filter on get_the_excerpt --><!-- AddThis Share Buttons generic via filter on get_the_excerpt --><\/p>\n","protected":false},"author":49,"featured_media":0,"comment_status":"open","ping_status":"closed","sticky":false,"template":"","format":"standard","meta":[],"categories":[9,13],"tags":[1079,382,622,696,1050,723],"_links":{"self":[{"href":"https:\/\/blogs.hoy.es\/moterosdehoy\/wp-json\/wp\/v2\/posts\/2231"}],"collection":[{"href":"https:\/\/blogs.hoy.es\/moterosdehoy\/wp-json\/wp\/v2\/posts"}],"about":[{"href":"https:\/\/blogs.hoy.es\/moterosdehoy\/wp-json\/wp\/v2\/types\/post"}],"author":[{"embeddable":true,"href":"https:\/\/blogs.hoy.es\/moterosdehoy\/wp-json\/wp\/v2\/users\/49"}],"replies":[{"embeddable":true,"href":"https:\/\/blogs.hoy.es\/moterosdehoy\/wp-json\/wp\/v2\/comments?post=2231"}],"version-history":[{"count":1,"href":"https:\/\/blogs.hoy.es\/moterosdehoy\/wp-json\/wp\/v2\/posts\/2231\/revisions"}],"predecessor-version":[{"id":2233,"href":"https:\/\/blogs.hoy.es\/moterosdehoy\/wp-json\/wp\/v2\/posts\/2231\/revisions\/2233"}],"wp:attachment":[{"href":"https:\/\/blogs.hoy.es\/moterosdehoy\/wp-json\/wp\/v2\/media?parent=2231"}],"wp:term":[{"taxonomy":"category","embeddable":true,"href":"https:\/\/blogs.hoy.es\/moterosdehoy\/wp-json\/wp\/v2\/categories?post=2231"},{"taxonomy":"post_tag","embeddable":true,"href":"https:\/\/blogs.hoy.es\/moterosdehoy\/wp-json\/wp\/v2\/tags?post=2231"}],"curies":[{"name":"wp","href":"https:\/\/api.w.org\/{rel}","templated":true}]}}