{"id":2234,"date":"2017-06-26T18:22:04","date_gmt":"2017-06-26T18:22:04","guid":{"rendered":"http:\/\/blogs.hoy.es\/moterosdehoy\/?p=2234"},"modified":"2017-06-26T18:25:30","modified_gmt":"2017-06-26T18:25:30","slug":"ii-concentracion-motera-en-puebla-de-obando","status":"publish","type":"post","link":"https:\/\/blogs.hoy.es\/moterosdehoy\/2017\/06\/26\/ii-concentracion-motera-en-puebla-de-obando\/","title":{"rendered":"II Concentraci\u00f3n motera en Puebla de Obando"},"content":{"rendered":"<p>El club motero &#8220;Carretera y Manta, Comarca de L\u00e1cara&#8221;, va a por su segunda concentraci\u00f3n motera, que tendr\u00e1 lugar los d\u00edas 1 y 2 de julio nuevamente en <a href=\"https:\/\/es.wikipedia.org\/wiki\/Puebla_de_Obando\" rel=\"external nofollow\">Puebla de Obando<\/a> (Badajoz).<\/p>\n<p><a href=\"https:\/\/static-blogs.hoy.es\/wp-content\/uploads\/sites\/45\/2017\/06\/2017-07-Puebla-de-Obando.jpg\"><img loading=\"lazy\" class=\"alignleft size-medium wp-image-2235\" src=\"https:\/\/static-blogs.hoy.es\/wp-content\/uploads\/sites\/45\/2017\/06\/2017-07-Puebla-de-Obando-212x300.jpg\" alt=\"2017-07-puebla-de-obando\" width=\"212\" height=\"300\" srcset=\"https:\/\/static-blogs.hoy.es\/wp-content\/uploads\/sites\/45\/2017\/06\/2017-07-Puebla-de-Obando-212x300.jpg 212w, https:\/\/static-blogs.hoy.es\/wp-content\/uploads\/sites\/45\/2017\/06\/2017-07-Puebla-de-Obando-768x1084.jpg 768w, https:\/\/static-blogs.hoy.es\/wp-content\/uploads\/sites\/45\/2017\/06\/2017-07-Puebla-de-Obando-725x1024.jpg 725w\" sizes=\"(max-width: 212px) 100vw, 212px\" \/><\/a>El a\u00f1o pasado a primeros del mes de junio realizaron su primera concentraci\u00f3n motera, en la que tuve la oportunidad de asistir y hubo muchas motocicletas de todo tipo. Est\u00e1 visto que les gust\u00f3, pues van a por la segunda.<!--more--><\/p>\n<p>Tendr\u00e1 lugar en el recinto ferial donde se ha habilitado zona de acampada con ba\u00f1os y duchas, totalmente gratis. En la noche del s\u00e1bado por supuesto no faltar\u00e1 la m\u00fasica, y habr\u00e1 precios econ\u00f3micos en las copas (2,5\u20ac), todo pensado para pasar un buen rato y despreocuparse de tener que conducir.<\/p>\n<p>En la ma\u00f1ana del domingo habr\u00e1 una peque\u00f1a ruta entre Puebla de Obando y La Nava de Santiago.<\/p>\n<p>Gracias a la colaboraci\u00f3n del Excmo. <a href=\"http:\/\/www.puebladeobando.es\/\" rel=\"external nofollow\">Ayuntamiento de Puebla de Obando<\/a> pueden disponer de la zona de acampada, y pueden ofrecer\u00a0precios econ\u00f3micos. Adem\u00e1s habr\u00e1 sorteos y regalos para los inscritos.<\/p>\n<p>La inscripci\u00f3n ser\u00e1 de 8\u20ac para s\u00e1bado y domingo, y de 5\u20ac para s\u00f3lo domingo.<\/p>\n<p>No lo dudes y acude a pasar un buen fin de semana entre amigos. La localidad de Puebla de Obando se encuentra casi a medio camino entre Badajoz y C\u00e1ceres. A 48 km de Badajoz y 58 de C\u00e1ceres, lo que facilitar\u00e1 que acudan moteros de ambas capitales, sin contar el resto de puntos de toda la regi\u00f3n.<\/p>\n<p>Saludos y r\u00e1fagas.<\/p>\n<!-- AddThis Advanced Settings generic via filter on the_content --><!-- AddThis Share Buttons generic via filter on the_content -->","protected":false},"excerpt":{"rendered":"<p>El club motero &#8220;Carretera y Manta, Comarca de L\u00e1cara&#8221;, va a por su segunda concentraci\u00f3n motera, que tendr\u00e1 lugar los d\u00edas 1 y 2 de julio nuevamente en Puebla de Obando (Badajoz). El a\u00f1o pasado a primeros del mes de junio realizaron su primera concentraci\u00f3n motera, en la que tuve la oportunidad de asistir y [&hellip;]<!-- AddThis Advanced Settings generic via filter on get_the_excerpt --><!-- AddThis Share Buttons generic via filter on get_the_excerpt --><\/p>\n","protected":false},"author":49,"featured_media":0,"comment_status":"open","ping_status":"closed","sticky":false,"template":"","format":"standard","meta":[],"categories":[9,13],"tags":[622,696,709,760],"_links":{"self":[{"href":"https:\/\/blogs.hoy.es\/moterosdehoy\/wp-json\/wp\/v2\/posts\/2234"}],"collection":[{"href":"https:\/\/blogs.hoy.es\/moterosdehoy\/wp-json\/wp\/v2\/posts"}],"about":[{"href":"https:\/\/blogs.hoy.es\/moterosdehoy\/wp-json\/wp\/v2\/types\/post"}],"author":[{"embeddable":true,"href":"https:\/\/blogs.hoy.es\/moterosdehoy\/wp-json\/wp\/v2\/users\/49"}],"replies":[{"embeddable":true,"href":"https:\/\/blogs.hoy.es\/moterosdehoy\/wp-json\/wp\/v2\/comments?post=2234"}],"version-history":[{"count":3,"href":"https:\/\/blogs.hoy.es\/moterosdehoy\/wp-json\/wp\/v2\/posts\/2234\/revisions"}],"predecessor-version":[{"id":2238,"href":"https:\/\/blogs.hoy.es\/moterosdehoy\/wp-json\/wp\/v2\/posts\/2234\/revisions\/2238"}],"wp:attachment":[{"href":"https:\/\/blogs.hoy.es\/moterosdehoy\/wp-json\/wp\/v2\/media?parent=2234"}],"wp:term":[{"taxonomy":"category","embeddable":true,"href":"https:\/\/blogs.hoy.es\/moterosdehoy\/wp-json\/wp\/v2\/categories?post=2234"},{"taxonomy":"post_tag","embeddable":true,"href":"https:\/\/blogs.hoy.es\/moterosdehoy\/wp-json\/wp\/v2\/tags?post=2234"}],"curies":[{"name":"wp","href":"https:\/\/api.w.org\/{rel}","templated":true}]}}