{"id":2244,"date":"2017-06-28T10:13:18","date_gmt":"2017-06-28T10:13:18","guid":{"rendered":"http:\/\/blogs.hoy.es\/moterosdehoy\/?p=2244"},"modified":"2017-06-28T10:13:18","modified_gmt":"2017-06-28T10:13:18","slug":"iv-mercadillo-motero-en-badajoz","status":"publish","type":"post","link":"https:\/\/blogs.hoy.es\/moterosdehoy\/2017\/06\/28\/iv-mercadillo-motero-en-badajoz\/","title":{"rendered":"IV Mercadillo motero en Badajoz"},"content":{"rendered":"<h3>En julio tendremos la cuarta edici\u00f3n del \u201cmercadillo motero\u201d, de nuevo en la sede del Custom Club Moteros de Hoy.<\/h3>\n<p><a href=\"https:\/\/static-blogs.hoy.es\/wp-content\/uploads\/sites\/45\/2017\/06\/Mercadillo-motero-julio_.jpg\"><img loading=\"lazy\" class=\"alignleft size-medium wp-image-2245\" src=\"https:\/\/static-blogs.hoy.es\/wp-content\/uploads\/sites\/45\/2017\/06\/Mercadillo-motero-julio_-212x300.jpg\" alt=\"mercadillo-motero-julio_\" width=\"212\" height=\"300\" srcset=\"https:\/\/static-blogs.hoy.es\/wp-content\/uploads\/sites\/45\/2017\/06\/Mercadillo-motero-julio_-212x300.jpg 212w, https:\/\/static-blogs.hoy.es\/wp-content\/uploads\/sites\/45\/2017\/06\/Mercadillo-motero-julio_-768x1086.jpg 768w, https:\/\/static-blogs.hoy.es\/wp-content\/uploads\/sites\/45\/2017\/06\/Mercadillo-motero-julio_-724x1024.jpg 724w\" sizes=\"(max-width: 212px) 100vw, 212px\" \/><\/a>El pr\u00f3ximo <strong>domingo 02 de julio<\/strong>, y tras dos meses de descanso se realizar\u00e1 de nuevo el mercadillo motero. Se hab\u00eda anunciado que se realizar\u00eda cada fin de semana primero de mes, pero hay muchos eventos moteros y cuando hay alguno por la zona se ha ido anulando para no solaparlos.<\/p>\n<p>Por el momento se seguir\u00e1 realizando, por lo menos mientras haya personal interesado en llevar cosas para vender, aunque es una buena excusa para juntarnos un rato, charlar, y \u2026 lo que caiga. Tendr\u00e1 lugar en la sede del Custom Club Moteros de Hoy,\u00a0situado en C\/. Nueva Creaci\u00f3n, s\/n, de Badajoz, para mejor ubicaci\u00f3n\u00a0tras el restaurante el Tranv\u00eda, en el Pol\u00edgono de El Nevero.<!--more--><\/p>\n<p>Nuevamente dar\u00e1 comienzo a las 11:30 horas, y los que tengan pensado llevar cosas para exponerlas para su venta recordar llegar un poco antes, estar\u00e1 abierto desde las 11. M\u00e1s que nada por colocar las cosas y si quer\u00e9is tomar un caf\u00e9. Se recuerda que el Custom Club Moteros de Hoy, no se responsabiliza de la venta o cambio de las cosas que all\u00ed se realicen, pues lo \u00fanico que hace es dejar su local para que se re\u00fana el personal, las transacciones son particulares de cada cual.<\/p>\n<p>Sobre las 12:45 horas como hasta ahora tendremos alg\u00fan picoteo, en \u00e9sta ocasi\u00f3n habr\u00e1 \u201chuevo acompa\u00f1ado de algo\u00a0y pan\u201d por UN EURO, hasta fin de existencias.<\/p>\n<p>Para poder participar en el mercadillo motero puedes ir libremente para ver que hay, y en caso de que tengas accesorios moteros o piezas de motocicletas puedes llevarlos e intentar venderlos, seguro que tienes suerte y vendes algo, o lo cambias por algo que veas all\u00ed. No es necesario que sea algo custom, pero si que tenga algo que ver con el mundo de la moto.<\/p>\n<p>No lo dudes y acude a pasar un buen rato.<\/p>\n<p style=\"text-align: left;\">Os dejo un v\u00eddeo\u00a0de ediciones anteriores del mercadillo motero, que seguro os animar\u00e1 a pasar por all\u00ed:<\/p>\n<p style=\"text-align: center;\"><iframe loading=\"lazy\" src=\"\/\/www.youtube.com\/embed\/afJEGv6zo14\" width=\"560\" height=\"314\" allowfullscreen=\"allowfullscreen\"><\/iframe><\/p>\n<p>Saludos y r\u00e1fagas.<\/p>\n<p>&nbsp;<\/p>\n<!-- AddThis Advanced Settings generic via filter on the_content --><!-- AddThis Share Buttons generic via filter on the_content -->","protected":false},"excerpt":{"rendered":"<p>En julio tendremos la cuarta edici\u00f3n del \u201cmercadillo motero\u201d, de nuevo en la sede del Custom Club Moteros de Hoy. El pr\u00f3ximo domingo 02 de julio, y tras dos meses de descanso se realizar\u00e1 de nuevo el mercadillo motero. Se hab\u00eda anunciado que se realizar\u00eda cada fin de semana primero de mes, pero hay muchos [&hellip;]<!-- AddThis Advanced Settings generic via filter on get_the_excerpt --><!-- AddThis Share Buttons generic via filter on get_the_excerpt --><\/p>\n","protected":false},"author":49,"featured_media":0,"comment_status":"open","ping_status":"closed","sticky":false,"template":"","format":"standard","meta":[],"categories":[9,13],"tags":[1066,328,594,622],"_links":{"self":[{"href":"https:\/\/blogs.hoy.es\/moterosdehoy\/wp-json\/wp\/v2\/posts\/2244"}],"collection":[{"href":"https:\/\/blogs.hoy.es\/moterosdehoy\/wp-json\/wp\/v2\/posts"}],"about":[{"href":"https:\/\/blogs.hoy.es\/moterosdehoy\/wp-json\/wp\/v2\/types\/post"}],"author":[{"embeddable":true,"href":"https:\/\/blogs.hoy.es\/moterosdehoy\/wp-json\/wp\/v2\/users\/49"}],"replies":[{"embeddable":true,"href":"https:\/\/blogs.hoy.es\/moterosdehoy\/wp-json\/wp\/v2\/comments?post=2244"}],"version-history":[{"count":3,"href":"https:\/\/blogs.hoy.es\/moterosdehoy\/wp-json\/wp\/v2\/posts\/2244\/revisions"}],"predecessor-version":[{"id":2248,"href":"https:\/\/blogs.hoy.es\/moterosdehoy\/wp-json\/wp\/v2\/posts\/2244\/revisions\/2248"}],"wp:attachment":[{"href":"https:\/\/blogs.hoy.es\/moterosdehoy\/wp-json\/wp\/v2\/media?parent=2244"}],"wp:term":[{"taxonomy":"category","embeddable":true,"href":"https:\/\/blogs.hoy.es\/moterosdehoy\/wp-json\/wp\/v2\/categories?post=2244"},{"taxonomy":"post_tag","embeddable":true,"href":"https:\/\/blogs.hoy.es\/moterosdehoy\/wp-json\/wp\/v2\/tags?post=2244"}],"curies":[{"name":"wp","href":"https:\/\/api.w.org\/{rel}","templated":true}]}}