{"id":2249,"date":"2017-07-05T19:35:30","date_gmt":"2017-07-05T19:35:30","guid":{"rendered":"http:\/\/blogs.hoy.es\/moterosdehoy\/?p=2249"},"modified":"2017-07-05T20:40:20","modified_gmt":"2017-07-05T20:40:20","slug":"primera-quedada-motera-en-helechal","status":"publish","type":"post","link":"https:\/\/blogs.hoy.es\/moterosdehoy\/2017\/07\/05\/primera-quedada-motera-en-helechal\/","title":{"rendered":"Primera quedada motera en Helechal"},"content":{"rendered":"<p>Helechal se suma a las concentraciones moteras de la <a href=\"http:\/\/turismoextremadura.com\/\" rel=\"external nofollow\">regi\u00f3n<\/a>, con su &#8220;I Quedada Motera&#8221;.<\/p>\n<p><a href=\"https:\/\/static-blogs.hoy.es\/wp-content\/uploads\/sites\/45\/2017\/07\/2017-07-Helechosa.jpg\"><img loading=\"lazy\" class=\"alignleft size-medium wp-image-2250\" src=\"https:\/\/static-blogs.hoy.es\/wp-content\/uploads\/sites\/45\/2017\/07\/2017-07-Helechosa-300x213.jpg\" alt=\"2017-07-helechal\" width=\"300\" height=\"213\" srcset=\"https:\/\/static-blogs.hoy.es\/wp-content\/uploads\/sites\/45\/2017\/07\/2017-07-Helechosa-300x213.jpg 300w, https:\/\/static-blogs.hoy.es\/wp-content\/uploads\/sites\/45\/2017\/07\/2017-07-Helechosa-768x546.jpg 768w, https:\/\/static-blogs.hoy.es\/wp-content\/uploads\/sites\/45\/2017\/07\/2017-07-Helechosa.jpg 960w\" sizes=\"(max-width: 300px) 100vw, 300px\" \/><\/a>El grupo Moteros de la Serena nos ha organizado una quedada motera en la localidad de <a href=\"https:\/\/es.wikipedia.org\/wiki\/Helechal\" rel=\"external nofollow\">Helechal<\/a> (Badajoz), sita al este de Badajoz, y en concreto a 167 kil\u00f3metros por Almendralejo, y a 179 km, por Don Benito. Quedando a 149 km si acudes desde C\u00e1ceres.<!--more--><\/p>\n<p>Para ello anuncian dentro del programa:<\/p>\n<p>De 9 a 11 horas, desayuno en la nave del campo de futbol de Helechal.<\/p>\n<p>A las 11:15 h, Salida de ruta, Helechal, Cabeza del Buey, Puebla de Alcocer, ah\u00ed primer aperitivo en el Anafre, para continuar ruta hacia Castuera, Benquerencia de la Serena, parada con segundo aperitivo en el Bar San Jos\u00e9, continuando hacia Benquerencia de la Serena, Helechal, con parada para tercer aperitivo, mientras habr\u00e1 juegos moteros.<\/p>\n<p>Entre las 14:30 y 15 h, degustaci\u00f3n de una paella preparada por el Chef Paco Cheyfer.<\/p>\n<p>Todo ello con una inscripci\u00f3n de 7 euros.<\/p>\n<p>Seg\u00fan el propio cartel tienen anunciado a las 03:00 horas de la tarde un plato de paella y refresco gratis, para todos los asistentes incluyendo a los vecinos que se acerquen, por supuesto amenizado con m\u00fasica ambiente.<\/p>\n<p>Ese d\u00eda el tiempo nos indica que tendremos sol y una m\u00e1xima de 35 grados, as\u00ed que no lo pienses y ya tienes preparada una rutita para el domingo. Seguro que har\u00e1s buenos amigos por la zona.<\/p>\n<p>Saludos y r\u00e1fagas.<\/p>\n<!-- AddThis Advanced Settings generic via filter on the_content --><!-- AddThis Share Buttons generic via filter on the_content -->","protected":false},"excerpt":{"rendered":"<p>Helechal se suma a las concentraciones moteras de la regi\u00f3n, con su &#8220;I Quedada Motera&#8221;. El grupo Moteros de la Serena nos ha organizado una quedada motera en la localidad de Helechal (Badajoz), sita al este de Badajoz, y en concreto a 167 kil\u00f3metros por Almendralejo, y a 179 km, por Don Benito. Quedando a [&hellip;]<!-- AddThis Advanced Settings generic via filter on get_the_excerpt --><!-- AddThis Share Buttons generic via filter on get_the_excerpt --><\/p>\n","protected":false},"author":49,"featured_media":0,"comment_status":"open","ping_status":"closed","sticky":false,"template":"","format":"standard","meta":[],"categories":[9,13],"tags":[1082,622,1081,624,816],"_links":{"self":[{"href":"https:\/\/blogs.hoy.es\/moterosdehoy\/wp-json\/wp\/v2\/posts\/2249"}],"collection":[{"href":"https:\/\/blogs.hoy.es\/moterosdehoy\/wp-json\/wp\/v2\/posts"}],"about":[{"href":"https:\/\/blogs.hoy.es\/moterosdehoy\/wp-json\/wp\/v2\/types\/post"}],"author":[{"embeddable":true,"href":"https:\/\/blogs.hoy.es\/moterosdehoy\/wp-json\/wp\/v2\/users\/49"}],"replies":[{"embeddable":true,"href":"https:\/\/blogs.hoy.es\/moterosdehoy\/wp-json\/wp\/v2\/comments?post=2249"}],"version-history":[{"count":3,"href":"https:\/\/blogs.hoy.es\/moterosdehoy\/wp-json\/wp\/v2\/posts\/2249\/revisions"}],"predecessor-version":[{"id":2253,"href":"https:\/\/blogs.hoy.es\/moterosdehoy\/wp-json\/wp\/v2\/posts\/2249\/revisions\/2253"}],"wp:attachment":[{"href":"https:\/\/blogs.hoy.es\/moterosdehoy\/wp-json\/wp\/v2\/media?parent=2249"}],"wp:term":[{"taxonomy":"category","embeddable":true,"href":"https:\/\/blogs.hoy.es\/moterosdehoy\/wp-json\/wp\/v2\/categories?post=2249"},{"taxonomy":"post_tag","embeddable":true,"href":"https:\/\/blogs.hoy.es\/moterosdehoy\/wp-json\/wp\/v2\/tags?post=2249"}],"curies":[{"name":"wp","href":"https:\/\/api.w.org\/{rel}","templated":true}]}}