{"id":2254,"date":"2017-07-11T23:10:47","date_gmt":"2017-07-11T23:10:47","guid":{"rendered":"http:\/\/blogs.hoy.es\/moterosdehoy\/?p=2254"},"modified":"2017-07-12T09:10:12","modified_gmt":"2017-07-12T09:10:12","slug":"en-la-carretera-cerveza-sin-pasaran-por-extremadura","status":"publish","type":"post","link":"https:\/\/blogs.hoy.es\/moterosdehoy\/2017\/07\/11\/en-la-carretera-cerveza-sin-pasaran-por-extremadura\/","title":{"rendered":"En la carretera, cerveza SIN, pasar\u00e1n por Extremadura"},"content":{"rendered":"<h3>6 moteros, 13 ciudades, m\u00e1s de 4.000 kil\u00f3metros de carretera\u2026 y 0 alcohol. Este julio 2017 el mensaje de concienciaci\u00f3n: el alcohol y la conducci\u00f3n son incompatibles, volver\u00e1 a recorrer innumerables rincones de Espa\u00f1a.<\/h3>\n<p><a href=\"https:\/\/static-blogs.hoy.es\/wp-content\/uploads\/sites\/45\/2017\/07\/Ruta-en-la-carretera-cerveza-SIN-2017.jpg\"><img loading=\"lazy\" class=\"alignleft size-medium wp-image-2255\" src=\"https:\/\/static-blogs.hoy.es\/wp-content\/uploads\/sites\/45\/2017\/07\/Ruta-en-la-carretera-cerveza-SIN-2017-300x265.jpg\" alt=\"ruta-en-la-carretera-cerveza-sin-2017\" width=\"300\" height=\"265\" srcset=\"https:\/\/static-blogs.hoy.es\/wp-content\/uploads\/sites\/45\/2017\/07\/Ruta-en-la-carretera-cerveza-SIN-2017-300x265.jpg 300w, https:\/\/static-blogs.hoy.es\/wp-content\/uploads\/sites\/45\/2017\/07\/Ruta-en-la-carretera-cerveza-SIN-2017.jpg 477w\" sizes=\"(max-width: 300px) 100vw, 300px\" \/><\/a>Cerveceros de Espa\u00f1a, con la colaboraci\u00f3n de la Direcci\u00f3n General de Tr\u00e1fico y el apoyo de varias instituciones aliadas, llevan 17 a\u00f1os promoviendo \u201c<a href=\"http:\/\/www.cervecear.com\/en-la-carretera-cerveza-sin\" rel=\"external nofollow\">En la carretera, cerveza SIN<\/a>\u201d, una campa\u00f1a de seguridad vial que pretende concienciar a la sociedad espa\u00f1ola sobre la incompatibilidad entre alcohol y conducci\u00f3n y que recomienda la cerveza SIN alcohol como una alternativa segura a volante.<!--more--><\/p>\n<p>Hay que decir que el a\u00f1o pasado circulaban con el slogan \u201cSin Riders\u201d, y ahora ha cambiado a \u201cEn la carretera, cerveza SIN\u201d. Tambi\u00e9n han dejado atr\u00e1s los conciertos de fines de semana, que eran muy llamativos con su remolque escenario arrastrado por el cami\u00f3n americano. Para \u00e9ste 2017 llevan un remolque americano plateado del a\u00f1o 58 y totalmente reformado, que tambi\u00e9n llama la atenci\u00f3n a su paso.<\/p>\n<p><strong>Los embajadores de la cerveza SIN<\/strong>, grupo compuesto por seis motoristas, <strong>Ram\u00f3n, Mateo, Cheko, Caipi, Pablo y Diego<\/strong>, ese es el orden con el que ruedan por nuestras carreteras, partieron de Madrid el 3 de julio y finalizar\u00e1n en Zaragoza el 31 de julio, por supuesto van acompa\u00f1ados de personal de cerveceros. En el plano de la izquierda tienes las ciudades y fechas por donde rodar\u00e1n.<a href=\"https:\/\/static-blogs.hoy.es\/wp-content\/uploads\/sites\/45\/2017\/07\/En-la-carretera-cerveza-SIN.jpg\"><img loading=\"lazy\" class=\"alignright size-medium wp-image-2256\" src=\"https:\/\/static-blogs.hoy.es\/wp-content\/uploads\/sites\/45\/2017\/07\/En-la-carretera-cerveza-SIN-300x300.jpg\" alt=\"en-la-carretera-cerveza-sin\" width=\"300\" height=\"300\" srcset=\"https:\/\/static-blogs.hoy.es\/wp-content\/uploads\/sites\/45\/2017\/07\/En-la-carretera-cerveza-SIN-300x300.jpg 300w, https:\/\/static-blogs.hoy.es\/wp-content\/uploads\/sites\/45\/2017\/07\/En-la-carretera-cerveza-SIN-150x150.jpg 150w, https:\/\/static-blogs.hoy.es\/wp-content\/uploads\/sites\/45\/2017\/07\/En-la-carretera-cerveza-SIN-768x768.jpg 768w, https:\/\/static-blogs.hoy.es\/wp-content\/uploads\/sites\/45\/2017\/07\/En-la-carretera-cerveza-SIN.jpg 960w\" sizes=\"(max-width: 300px) 100vw, 300px\" \/><\/a><\/p>\n<p>Por <a href=\"http:\/\/turismoextremadura.com\/\" rel=\"external nofollow\">Extremadura<\/a> los veremos s\u00f3lo de paso, pues el d\u00eda 12 estar\u00e1n por Salamanca, por la tarde llegar\u00e1n a M\u00e9rida para hacer noche, y el 13 temprano partir\u00e1n direcci\u00f3n C\u00e1diz. Una pena contar con ellos s\u00f3lo de paso, en nuestra comunidad tambi\u00e9n hay que incentivar el consumo de bebidas que no contengan alcohol, cuando realices paradas durante la conducci\u00f3n. Con una ca\u00f1a no pasa nada, pero detr\u00e1s de una suelen venir m\u00e1s.<\/p>\n<p>En palabras del grupo \u201cEn la carretera, cerveza SIN\u201d, son amantes del asfalto. Les gusta moverse con libertad, el paisaje que se desliza a trav\u00e9s del espejo retrovisor, los mapas de carretera, sumar kil\u00f3metros, escaparse en moto casi sin equipaje o salir con el maletero del coche cargado, planear, conducir por carreteras secundarias, la aventura, improvisar las rutas, parar ahora-aqu\u00ed-porque s\u00ed, el sonido del motor, subir la m\u00fasica y que suene esa canci\u00f3n, el ruido de la lluvia sobre el cristal y una puesta de sol en el horizonte, aquel rinc\u00f3n de aquella ciudad, conocer sitios nuevos, gente nueva, los amigos que haces en el camino y los compa\u00f1eros de viaje que nunca te fallan, parar a estirar las piernas, compartir con ellos una cerveza sin alcohol\u2026 y seguir rodando. DISFRUTAR DEL CAMINO COMO SI FUESE EL DESTINO Y LO HACEN CON UNA CERVEZA SIN.<\/p>\n<p>En definitiva la pasi\u00f3n de todo conductor amante de la carretera, viajar, conocer lugares, gentes, culturas y regresar a casa para poder contar tu experiencia a familiares y amigos.<\/p>\n<p>Saludos y r\u00e1fagas.<\/p>\n<!-- AddThis Advanced Settings generic via filter on the_content --><!-- AddThis Share Buttons generic via filter on the_content -->","protected":false},"excerpt":{"rendered":"<p>6 moteros, 13 ciudades, m\u00e1s de 4.000 kil\u00f3metros de carretera\u2026 y 0 alcohol. Este julio 2017 el mensaje de concienciaci\u00f3n: el alcohol y la conducci\u00f3n son incompatibles, volver\u00e1 a recorrer innumerables rincones de Espa\u00f1a. Cerveceros de Espa\u00f1a, con la colaboraci\u00f3n de la Direcci\u00f3n General de Tr\u00e1fico y el apoyo de varias instituciones aliadas, llevan 17 [&hellip;]<!-- AddThis Advanced Settings generic via filter on get_the_excerpt --><!-- AddThis Share Buttons generic via filter on get_the_excerpt --><\/p>\n","protected":false},"author":49,"featured_media":0,"comment_status":"open","ping_status":"closed","sticky":false,"template":"","format":"standard","meta":[],"categories":[9,13],"tags":[69,1083,622,696,906],"_links":{"self":[{"href":"https:\/\/blogs.hoy.es\/moterosdehoy\/wp-json\/wp\/v2\/posts\/2254"}],"collection":[{"href":"https:\/\/blogs.hoy.es\/moterosdehoy\/wp-json\/wp\/v2\/posts"}],"about":[{"href":"https:\/\/blogs.hoy.es\/moterosdehoy\/wp-json\/wp\/v2\/types\/post"}],"author":[{"embeddable":true,"href":"https:\/\/blogs.hoy.es\/moterosdehoy\/wp-json\/wp\/v2\/users\/49"}],"replies":[{"embeddable":true,"href":"https:\/\/blogs.hoy.es\/moterosdehoy\/wp-json\/wp\/v2\/comments?post=2254"}],"version-history":[{"count":4,"href":"https:\/\/blogs.hoy.es\/moterosdehoy\/wp-json\/wp\/v2\/posts\/2254\/revisions"}],"predecessor-version":[{"id":2260,"href":"https:\/\/blogs.hoy.es\/moterosdehoy\/wp-json\/wp\/v2\/posts\/2254\/revisions\/2260"}],"wp:attachment":[{"href":"https:\/\/blogs.hoy.es\/moterosdehoy\/wp-json\/wp\/v2\/media?parent=2254"}],"wp:term":[{"taxonomy":"category","embeddable":true,"href":"https:\/\/blogs.hoy.es\/moterosdehoy\/wp-json\/wp\/v2\/categories?post=2254"},{"taxonomy":"post_tag","embeddable":true,"href":"https:\/\/blogs.hoy.es\/moterosdehoy\/wp-json\/wp\/v2\/tags?post=2254"}],"curies":[{"name":"wp","href":"https:\/\/api.w.org\/{rel}","templated":true}]}}