{"id":2261,"date":"2017-07-13T07:57:29","date_gmt":"2017-07-13T07:57:29","guid":{"rendered":"http:\/\/blogs.hoy.es\/moterosdehoy\/?p=2261"},"modified":"2017-07-13T07:57:29","modified_gmt":"2017-07-13T07:57:29","slug":"festival-valle-pop-2017","status":"publish","type":"post","link":"https:\/\/blogs.hoy.es\/moterosdehoy\/2017\/07\/13\/festival-valle-pop-2017\/","title":{"rendered":"Festival Valle-Pop 2017"},"content":{"rendered":"<h3>Una vez m\u00e1s se unen las motos y la m\u00fasica, en \u00e9sta ocasi\u00f3n pop espa\u00f1ol.<\/h3>\n<p><a href=\"https:\/\/static-blogs.hoy.es\/wp-content\/uploads\/sites\/45\/2017\/07\/2017-07-Valle-Pop.jpg\"><img loading=\"lazy\" class=\"alignleft size-medium wp-image-2262\" src=\"https:\/\/static-blogs.hoy.es\/wp-content\/uploads\/sites\/45\/2017\/07\/2017-07-Valle-Pop-240x300.jpg\" alt=\"2017-07-valle-pop\" width=\"240\" height=\"300\" srcset=\"https:\/\/static-blogs.hoy.es\/wp-content\/uploads\/sites\/45\/2017\/07\/2017-07-Valle-Pop-240x300.jpg 240w, https:\/\/static-blogs.hoy.es\/wp-content\/uploads\/sites\/45\/2017\/07\/2017-07-Valle-Pop.jpg 686w\" sizes=\"(max-width: 240px) 100vw, 240px\" \/><\/a>El conocido grupo motero cacere\u00f1o &#8220;<a href=\"http:\/\/buitresleonaos.com\/\" rel=\"external nofollow\">Buitres Leonaos<\/a>&#8220;, se ha unido al Ayuntamiento de <a href=\"https:\/\/es.wikipedia.org\/wiki\/Valdefuentes_(C%C3%A1ceres)\" rel=\"external nofollow\">Valdefuentes<\/a> para organizar el Festival Valle-Pop 2017, eso asegura que habr\u00e1 olor a gasolina en el evento.<\/p>\n<p>Tendr\u00e1 lugar\u00a0a partir de las 22:00 horas el <strong>s\u00e1bado 15 de julio<\/strong>, en la plaza de toros de <strong>Vadefuentes<\/strong> (C\u00e1ceres), con un amplio cartel de grupos.<!--more--><\/p>\n<p>Hay una inscripci\u00f3n anticipada de 5\u20ac, los puntos de venta figuran en el cartel, y en taquilla de 8\u20ac, adem\u00e1s se dispone de zona de acampada para que no tengas que coger tu veh\u00edculo una vez finalizado los conciertos, que seguro que ser\u00e1n altas horas de la madrugada.<\/p>\n<p>An\u00edmate a pasar un buen rato entre amigos, escuchando buena m\u00fasica.<\/p>\n<p>Saludos y r\u00e1fagas.<\/p>\n<!-- AddThis Advanced Settings generic via filter on the_content --><!-- AddThis Share Buttons generic via filter on the_content -->","protected":false},"excerpt":{"rendered":"<p>Una vez m\u00e1s se unen las motos y la m\u00fasica, en \u00e9sta ocasi\u00f3n pop espa\u00f1ol. El conocido grupo motero cacere\u00f1o &#8220;Buitres Leonaos&#8220;, se ha unido al Ayuntamiento de Valdefuentes para organizar el Festival Valle-Pop 2017, eso asegura que habr\u00e1 olor a gasolina en el evento. Tendr\u00e1 lugar\u00a0a partir de las 22:00 horas el s\u00e1bado 15 [&hellip;]<!-- AddThis Advanced Settings generic via filter on get_the_excerpt --><!-- AddThis Share Buttons generic via filter on get_the_excerpt --><\/p>\n","protected":false},"author":49,"featured_media":0,"comment_status":"open","ping_status":"closed","sticky":false,"template":"","format":"standard","meta":[],"categories":[9,13],"tags":[120,622,1084,1085],"_links":{"self":[{"href":"https:\/\/blogs.hoy.es\/moterosdehoy\/wp-json\/wp\/v2\/posts\/2261"}],"collection":[{"href":"https:\/\/blogs.hoy.es\/moterosdehoy\/wp-json\/wp\/v2\/posts"}],"about":[{"href":"https:\/\/blogs.hoy.es\/moterosdehoy\/wp-json\/wp\/v2\/types\/post"}],"author":[{"embeddable":true,"href":"https:\/\/blogs.hoy.es\/moterosdehoy\/wp-json\/wp\/v2\/users\/49"}],"replies":[{"embeddable":true,"href":"https:\/\/blogs.hoy.es\/moterosdehoy\/wp-json\/wp\/v2\/comments?post=2261"}],"version-history":[{"count":1,"href":"https:\/\/blogs.hoy.es\/moterosdehoy\/wp-json\/wp\/v2\/posts\/2261\/revisions"}],"predecessor-version":[{"id":2263,"href":"https:\/\/blogs.hoy.es\/moterosdehoy\/wp-json\/wp\/v2\/posts\/2261\/revisions\/2263"}],"wp:attachment":[{"href":"https:\/\/blogs.hoy.es\/moterosdehoy\/wp-json\/wp\/v2\/media?parent=2261"}],"wp:term":[{"taxonomy":"category","embeddable":true,"href":"https:\/\/blogs.hoy.es\/moterosdehoy\/wp-json\/wp\/v2\/categories?post=2261"},{"taxonomy":"post_tag","embeddable":true,"href":"https:\/\/blogs.hoy.es\/moterosdehoy\/wp-json\/wp\/v2\/tags?post=2261"}],"curies":[{"name":"wp","href":"https:\/\/api.w.org\/{rel}","templated":true}]}}