{"id":2278,"date":"2017-07-28T09:08:38","date_gmt":"2017-07-28T09:08:38","guid":{"rendered":"http:\/\/blogs.hoy.es\/moterosdehoy\/?p=2278"},"modified":"2017-07-28T09:08:38","modified_gmt":"2017-07-28T09:08:38","slug":"concentracion-motera-en-jaraiz","status":"publish","type":"post","link":"https:\/\/blogs.hoy.es\/moterosdehoy\/2017\/07\/28\/concentracion-motera-en-jaraiz\/","title":{"rendered":"Concentraci\u00f3n motera en Jara\u00edz"},"content":{"rendered":"<h3>Nada es eterno, y tras veintiocho ediciones de la concentraci\u00f3n motera en Jara\u00edz de la Vera por el moto club &#8220;La cabra tira al monte&#8221;, \u00e9ste a\u00f1o habr\u00e1 concentraci\u00f3n y en la fecha habitual, pero ser\u00e1 diferente.<\/h3>\n<p>Unas veces porque los organizadores se cansan, otras porque discuten entre ellos, otras por envidias y zancadillas, el caso es que la mayor concentraci\u00f3n de motos de <a href=\"http:\/\/turismoextremadura.com\/\" rel=\"external nofollow\">Extremadura<\/a> parece que lleg\u00f3 a su fin. Un par de empresarios de la localidad no est\u00e1n conforme con ello y con la colaboraci\u00f3n del propio Ayuntamiento, y un grupo motero, se han lanzado a organizarlo.<\/p>\n<p><a href=\"https:\/\/static-blogs.hoy.es\/wp-content\/uploads\/sites\/45\/2017\/07\/2017-07-Jara\u00edz.jpg\"><img loading=\"lazy\" class=\"alignleft size-medium wp-image-2279\" src=\"https:\/\/static-blogs.hoy.es\/wp-content\/uploads\/sites\/45\/2017\/07\/2017-07-Jara\u00edz-220x300.jpg\" alt=\"2017-07-jaraiz\" width=\"220\" height=\"300\" srcset=\"https:\/\/static-blogs.hoy.es\/wp-content\/uploads\/sites\/45\/2017\/07\/2017-07-Jara\u00edz-220x300.jpg 220w, https:\/\/static-blogs.hoy.es\/wp-content\/uploads\/sites\/45\/2017\/07\/2017-07-Jara\u00edz.jpg 712w\" sizes=\"(max-width: 220px) 100vw, 220px\" \/><\/a>Tendr\u00e1 lugar entre los d\u00edas <strong>28 y 30 de julio, en <a href=\"https:\/\/es.wikipedia.org\/wiki\/Jara%C3%ADz_de_la_Vera\" rel=\"external nofollow\">Jara\u00edz de la Vera<\/a><\/strong> (C\u00e1ceres).<\/p>\n<p>Habr\u00e1 dos tipo de <strong>inscripciones<\/strong>, una con cena hasta 300 personas, que costar\u00e1 <strong>20 euros<\/strong> y otra sin cena para\u00a0100 inscripciones que costar\u00e1 <strong>10 euros<\/strong>.<\/p>\n<p>Dentro del programa anuncian:<!--more--><\/p>\n<p><strong>VIERNES 28<\/strong><br \/>\n18:00-22:00 Primer periodo de inscripciones\u00a0(Plaza Sta. Ana)<br \/>\n23:00 Pasacalles de vespas y scooters<br \/>\n23:30 Exhibici\u00f3n de trial en la Plaza Mayor a cargo de NACHETE FERN\u00c1NDEZ\u00a0 y V\u00cdCTOR ESPINOSA.<br \/>\nSe acompa\u00f1ar\u00e1 el evento con dos cortadores de jam\u00f3n.<\/p>\n<p><strong>S\u00c1BADO 29<\/strong><br \/>\n11:00-19:00 Inscripciones<br \/>\n13:00-15:00 Paella en Plaza Sta. Ana (para inscritos)<br \/>\n17:30 Exhibici\u00f3n de Freestyle a cargo de PAULO MARTINHO (alrededores de la estaci\u00f3n de servicio Petrol Station) .<br \/>\n21:30 Cena motera (Pista de tenis, junto a piscina municipal)<br \/>\n00:00 Pasacalles nocturno.<br \/>\n00:30-3:30 Pubs, bares y terrazas te esperan!!!<br \/>\n3:30-Fiesta en discoteca &#8220;LA BOITE&#8221;\u00a0 (entrada gratuita con una consumici\u00f3n para inscritos)<\/p>\n<p><strong>DOMINGO 30<\/strong><br \/>\n8:30-10:00 Desayuno<br \/>\n10:30 Ruta motera por La Vera<\/p>\n<p>Un bonito cartel editado por uno de los organizadores, y un tras fondo de hacer caja en la discoteca de otro organizador, ojal\u00e1 me equivoque, pero la reina de las concentraciones moteras de Extremadura ha muerto. Aunque habr\u00e1 mucho motero que ten\u00eda guardada la fecha en la agenda y que acude por disfrutar de las piscinas naturales, de los preciosos paisajes y esas carreteras repletas de buenas curvas.<\/p>\n<p>Saludos y r\u00e1fagas.<\/p>\n<!-- AddThis Advanced Settings generic via filter on the_content --><!-- AddThis Share Buttons generic via filter on the_content -->","protected":false},"excerpt":{"rendered":"<p>Nada es eterno, y tras veintiocho ediciones de la concentraci\u00f3n motera en Jara\u00edz de la Vera por el moto club &#8220;La cabra tira al monte&#8221;, \u00e9ste a\u00f1o habr\u00e1 concentraci\u00f3n y en la fecha habitual, pero ser\u00e1 diferente. Unas veces porque los organizadores se cansan, otras porque discuten entre ellos, otras por envidias y zancadillas, el [&hellip;]<!-- AddThis Advanced Settings generic via filter on get_the_excerpt --><!-- AddThis Share Buttons generic via filter on get_the_excerpt --><\/p>\n","protected":false},"author":49,"featured_media":0,"comment_status":"open","ping_status":"closed","sticky":false,"template":"","format":"standard","meta":[],"categories":[9,13],"tags":[1094,622,1095],"_links":{"self":[{"href":"https:\/\/blogs.hoy.es\/moterosdehoy\/wp-json\/wp\/v2\/posts\/2278"}],"collection":[{"href":"https:\/\/blogs.hoy.es\/moterosdehoy\/wp-json\/wp\/v2\/posts"}],"about":[{"href":"https:\/\/blogs.hoy.es\/moterosdehoy\/wp-json\/wp\/v2\/types\/post"}],"author":[{"embeddable":true,"href":"https:\/\/blogs.hoy.es\/moterosdehoy\/wp-json\/wp\/v2\/users\/49"}],"replies":[{"embeddable":true,"href":"https:\/\/blogs.hoy.es\/moterosdehoy\/wp-json\/wp\/v2\/comments?post=2278"}],"version-history":[{"count":2,"href":"https:\/\/blogs.hoy.es\/moterosdehoy\/wp-json\/wp\/v2\/posts\/2278\/revisions"}],"predecessor-version":[{"id":2281,"href":"https:\/\/blogs.hoy.es\/moterosdehoy\/wp-json\/wp\/v2\/posts\/2278\/revisions\/2281"}],"wp:attachment":[{"href":"https:\/\/blogs.hoy.es\/moterosdehoy\/wp-json\/wp\/v2\/media?parent=2278"}],"wp:term":[{"taxonomy":"category","embeddable":true,"href":"https:\/\/blogs.hoy.es\/moterosdehoy\/wp-json\/wp\/v2\/categories?post=2278"},{"taxonomy":"post_tag","embeddable":true,"href":"https:\/\/blogs.hoy.es\/moterosdehoy\/wp-json\/wp\/v2\/tags?post=2278"}],"curies":[{"name":"wp","href":"https:\/\/api.w.org\/{rel}","templated":true}]}}