{"id":2304,"date":"2017-09-02T09:18:17","date_gmt":"2017-09-02T09:18:17","guid":{"rendered":"http:\/\/blogs.hoy.es\/moterosdehoy\/?p=2304"},"modified":"2017-09-02T09:21:48","modified_gmt":"2017-09-02T09:21:48","slug":"fiesta-motera-en-villanueva-de-la-serena","status":"publish","type":"post","link":"https:\/\/blogs.hoy.es\/moterosdehoy\/2017\/09\/02\/fiesta-motera-en-villanueva-de-la-serena\/","title":{"rendered":"Fiesta motera en Villanueva de la Serena"},"content":{"rendered":"<h3>Villanueva de la Serena (Badajoz), nos trae su VIII Fiesta Motera.<\/h3>\n<p><a href=\"https:\/\/static-blogs.hoy.es\/wp-content\/uploads\/sites\/45\/2017\/09\/2017-09-Villanueva-de-la-Serena.jpg\"><img loading=\"lazy\" class=\"alignleft size-medium wp-image-2305\" src=\"https:\/\/static-blogs.hoy.es\/wp-content\/uploads\/sites\/45\/2017\/09\/2017-09-Villanueva-de-la-Serena-260x300.jpg\" alt=\"2017-09-villanueva-de-la-serena\" width=\"260\" height=\"300\" srcset=\"https:\/\/static-blogs.hoy.es\/wp-content\/uploads\/sites\/45\/2017\/09\/2017-09-Villanueva-de-la-Serena-260x300.jpg 260w, https:\/\/static-blogs.hoy.es\/wp-content\/uploads\/sites\/45\/2017\/09\/2017-09-Villanueva-de-la-Serena.jpg 720w\" sizes=\"(max-width: 260px) 100vw, 260px\" \/><\/a>Tendr\u00e1 lugar el domingo <strong>3 de Septiembre<\/strong> en la Plaza de Espa\u00f1a de Villanueva de la Serena, bajo el t\u00edtulo de &#8220;VIII Fiesta motera amigos de las motos&#8221;.<\/p>\n<p>Dentro del programa nos han preparado:<\/p>\n<p>&#8211; 9 a 10 horas, inscripciones.<!--more--><br \/>\n-10:30h, salida direcci\u00f3n La Haba, Don Benito, Valle de la Serena, Higuera, y Zalamea de la Serena donde se realizar\u00e1 una parada de descanso en el Hotel Trajano.<br \/>\nLa ruta continuar\u00e1\u00a0hacia Castuera, Campanario, La Coronada, y regreso a Villanueva donde tendr\u00e1 lugar\u00a0un pasa calle por la Av. de Chile, Calle San Francisco, Calle Lares y finalizar\u00e1 en\u00a0la Plaza de Espa\u00f1a. En total un recorrido de unos 127 kil\u00f3metros que llevar\u00e1 sobre dos horas y cuarto, m\u00e1s el tiempo de la parada.<br \/>\n&#8211; 14:00h, en la Plaza de Espa\u00f1a estar\u00e1 esperando una paella para retomar fuerzas.<br \/>\n&#8211; 16:00h, se ofrecer\u00e1n pastelitos de cortes\u00eda para todos los presentes.<br \/>\n&#8211; 16:30h, comenzar\u00e1n los sorteos, nada menos que 40 art\u00edculos, valorados en 5.000\u20ac. Entre ellos cascos, espalderas, relojes, gafas, ruedas, viaje, jamones, cheques de gasolina, cheques Mapfre, y una Maxi Scooter Goes GT 125 cc.<\/p>\n<p>Las inscripciones estar\u00e1n a la venta en la propia concentraci\u00f3n, que por 8\u20ac, adem\u00e1s de tener dos papeletas para los sorteos tendr\u00e1\u00a0ticket cafe + tostada (Bar Casino),\u00a0ticket comida (Bar Kaprano y Bar el Casino), y por si fuera poco una camiseta\u00a0conmemorativa (solo a los 100 primeros inscritos).<\/p>\n<p>En definitiva todos los alicientes necesarios para tener una fiesta motera, ahora s\u00f3lo falta que acudas a pasar un buen rato entre amigos.<\/p>\n<p>Saludos y r\u00e1fagas.<\/p>\n<!-- AddThis Advanced Settings generic via filter on the_content --><!-- AddThis Share Buttons generic via filter on the_content -->","protected":false},"excerpt":{"rendered":"<p>Villanueva de la Serena (Badajoz), nos trae su VIII Fiesta Motera. Tendr\u00e1 lugar el domingo 3 de Septiembre en la Plaza de Espa\u00f1a de Villanueva de la Serena, bajo el t\u00edtulo de &#8220;VIII Fiesta motera amigos de las motos&#8221;. Dentro del programa nos han preparado: &#8211; 9 a 10 horas, inscripciones.<!-- AddThis Advanced Settings generic via filter on get_the_excerpt --><!-- AddThis Share Buttons generic via filter on get_the_excerpt --><\/p>\n","protected":false},"author":49,"featured_media":0,"comment_status":"open","ping_status":"closed","sticky":false,"template":"","format":"standard","meta":[],"categories":[9,13],"tags":[1113,622,696,1112],"_links":{"self":[{"href":"https:\/\/blogs.hoy.es\/moterosdehoy\/wp-json\/wp\/v2\/posts\/2304"}],"collection":[{"href":"https:\/\/blogs.hoy.es\/moterosdehoy\/wp-json\/wp\/v2\/posts"}],"about":[{"href":"https:\/\/blogs.hoy.es\/moterosdehoy\/wp-json\/wp\/v2\/types\/post"}],"author":[{"embeddable":true,"href":"https:\/\/blogs.hoy.es\/moterosdehoy\/wp-json\/wp\/v2\/users\/49"}],"replies":[{"embeddable":true,"href":"https:\/\/blogs.hoy.es\/moterosdehoy\/wp-json\/wp\/v2\/comments?post=2304"}],"version-history":[{"count":4,"href":"https:\/\/blogs.hoy.es\/moterosdehoy\/wp-json\/wp\/v2\/posts\/2304\/revisions"}],"predecessor-version":[{"id":2309,"href":"https:\/\/blogs.hoy.es\/moterosdehoy\/wp-json\/wp\/v2\/posts\/2304\/revisions\/2309"}],"wp:attachment":[{"href":"https:\/\/blogs.hoy.es\/moterosdehoy\/wp-json\/wp\/v2\/media?parent=2304"}],"wp:term":[{"taxonomy":"category","embeddable":true,"href":"https:\/\/blogs.hoy.es\/moterosdehoy\/wp-json\/wp\/v2\/categories?post=2304"},{"taxonomy":"post_tag","embeddable":true,"href":"https:\/\/blogs.hoy.es\/moterosdehoy\/wp-json\/wp\/v2\/tags?post=2304"}],"curies":[{"name":"wp","href":"https:\/\/api.w.org\/{rel}","templated":true}]}}