{"id":2310,"date":"2017-09-11T16:38:34","date_gmt":"2017-09-11T16:38:34","guid":{"rendered":"http:\/\/blogs.hoy.es\/moterosdehoy\/?p=2310"},"modified":"2017-09-11T16:58:10","modified_gmt":"2017-09-11T16:58:10","slug":"iv-encuentro-de-clasicos-en-oliva-de-la-frontera","status":"publish","type":"post","link":"https:\/\/blogs.hoy.es\/moterosdehoy\/2017\/09\/11\/iv-encuentro-de-clasicos-en-oliva-de-la-frontera\/","title":{"rendered":"IV Encuentro de cl\u00e1sicos en Oliva de la Frontera"},"content":{"rendered":"<p>El\u00a0<strong>domingo 17 de septiembre<\/strong>, tendr\u00e1 lugar el cuarto\u00a0<strong>encuentro de veh\u00edculos cl\u00e1sicos<\/strong>, tanto coches como motos, en la localidad de\u00a0<strong><a title=\"P\u00e1gina oficial del Ayuntamiento de Oliva de la Frontera\" href=\"http:\/\/olivafrontera.com\/\" target=\"_blank\" rel=\"external nofollow\">Oliva de la Frontera<\/a><\/strong>\u00a0(Badajoz).<\/p>\n<p><a href=\"https:\/\/static-blogs.hoy.es\/wp-content\/uploads\/sites\/45\/2017\/09\/2017-09-Oliva-de-la-Frontera.jpg\"><img loading=\"lazy\" class=\"alignleft size-medium wp-image-2313\" src=\"https:\/\/static-blogs.hoy.es\/wp-content\/uploads\/sites\/45\/2017\/09\/2017-09-Oliva-de-la-Frontera-215x300.jpg\" alt=\"2017-09-oliva-de-la-frontera\" width=\"215\" height=\"300\" srcset=\"https:\/\/static-blogs.hoy.es\/wp-content\/uploads\/sites\/45\/2017\/09\/2017-09-Oliva-de-la-Frontera-215x300.jpg 215w, https:\/\/static-blogs.hoy.es\/wp-content\/uploads\/sites\/45\/2017\/09\/2017-09-Oliva-de-la-Frontera-768x1071.jpg 768w, https:\/\/static-blogs.hoy.es\/wp-content\/uploads\/sites\/45\/2017\/09\/2017-09-Oliva-de-la-Frontera-734x1024.jpg 734w, https:\/\/static-blogs.hoy.es\/wp-content\/uploads\/sites\/45\/2017\/09\/2017-09-Oliva-de-la-Frontera.jpg 875w\" sizes=\"(max-width: 215px) 100vw, 215px\" \/><\/a><\/p>\n<p>En la primera edici\u00f3n la motocicleta ganadora fue una Harley Davidson de 1927, y en la categor\u00eda coche cl\u00e1sico un Ford de 1929.<!--more--><\/p>\n<p>Para la edici\u00f3n de \u00e9ste a\u00f1o esperan superar los\u00a0cien veh\u00edculos inscritos, lo que atraer\u00e1 a numeroso p\u00fablico. Adem\u00e1s la localidad se encuentra en fiestas y el encuentro ser\u00e1 otro tono m\u00e1s de color.<\/p>\n<p>Habr\u00e1n dos tipos de\u00a0<strong>inscripciones<\/strong>\u00a0una de\u00a0<strong>15\u20ac<\/strong>, para conductor y veh\u00edculo, y otra de<strong>\u00a010\u20ac<\/strong>para acompa\u00f1antes. Pudi\u00e9ndose sacar dichas inscripciones desde las 9 horas del mismo d\u00eda 17 en la caseta municipal.<\/p>\n<p>Para los inscritos habr\u00e1 migas extreme\u00f1as, comida, y degustaci\u00f3n de jam\u00f3n y chorizo extreme\u00f1o. Adem\u00e1s de tapas y refrescos durante el recorrido, que ser\u00e1 de una longitud aproximada de 40 kil\u00f3metros, con hora de salida a las 11:30.<\/p>\n<p>Despu\u00e9s de la ruta y tras efectuar la comida habr\u00e1 entrega de trofeos y regalos.<\/p>\n<p>Si quer\u00e9is ver fotos de la\u00a0<a title=\"Encuentro del 2014\" href=\"https:\/\/blogs.hoy.es\/moterosdehoy\/2014\/09\/23\/fotos-del-encuentro-de-clasicos-en-oliva-de-la-frontera\/\" target=\"_blank\">primera edici\u00f3n clic aqu\u00ed<\/a>. Fotograf\u00edas cedidas por mi amigo Pepe Bau.<\/p>\n<p>Saludos y r\u00e1fagas.<\/p>\n<!-- AddThis Advanced Settings generic via filter on the_content --><!-- AddThis Share Buttons generic via filter on the_content -->","protected":false},"excerpt":{"rendered":"<p>El\u00a0domingo 17 de septiembre, tendr\u00e1 lugar el cuarto\u00a0encuentro de veh\u00edculos cl\u00e1sicos, tanto coches como motos, en la localidad de\u00a0Oliva de la Frontera\u00a0(Badajoz). En la primera edici\u00f3n la motocicleta ganadora fue una Harley Davidson de 1927, y en la categor\u00eda coche cl\u00e1sico un Ford de 1929.<!-- AddThis Advanced Settings generic via filter on get_the_excerpt --><!-- AddThis Share Buttons generic via filter on get_the_excerpt --><\/p>\n","protected":false},"author":49,"featured_media":0,"comment_status":"open","ping_status":"closed","sticky":false,"template":"","format":"standard","meta":[],"categories":[9,13],"tags":[1114,1115,1116,622,745,1117],"_links":{"self":[{"href":"https:\/\/blogs.hoy.es\/moterosdehoy\/wp-json\/wp\/v2\/posts\/2310"}],"collection":[{"href":"https:\/\/blogs.hoy.es\/moterosdehoy\/wp-json\/wp\/v2\/posts"}],"about":[{"href":"https:\/\/blogs.hoy.es\/moterosdehoy\/wp-json\/wp\/v2\/types\/post"}],"author":[{"embeddable":true,"href":"https:\/\/blogs.hoy.es\/moterosdehoy\/wp-json\/wp\/v2\/users\/49"}],"replies":[{"embeddable":true,"href":"https:\/\/blogs.hoy.es\/moterosdehoy\/wp-json\/wp\/v2\/comments?post=2310"}],"version-history":[{"count":3,"href":"https:\/\/blogs.hoy.es\/moterosdehoy\/wp-json\/wp\/v2\/posts\/2310\/revisions"}],"predecessor-version":[{"id":2314,"href":"https:\/\/blogs.hoy.es\/moterosdehoy\/wp-json\/wp\/v2\/posts\/2310\/revisions\/2314"}],"wp:attachment":[{"href":"https:\/\/blogs.hoy.es\/moterosdehoy\/wp-json\/wp\/v2\/media?parent=2310"}],"wp:term":[{"taxonomy":"category","embeddable":true,"href":"https:\/\/blogs.hoy.es\/moterosdehoy\/wp-json\/wp\/v2\/categories?post=2310"},{"taxonomy":"post_tag","embeddable":true,"href":"https:\/\/blogs.hoy.es\/moterosdehoy\/wp-json\/wp\/v2\/tags?post=2310"}],"curies":[{"name":"wp","href":"https:\/\/api.w.org\/{rel}","templated":true}]}}