{"id":2315,"date":"2017-09-12T09:46:47","date_gmt":"2017-09-12T09:46:47","guid":{"rendered":"http:\/\/blogs.hoy.es\/moterosdehoy\/?p=2315"},"modified":"2017-09-12T09:47:38","modified_gmt":"2017-09-12T09:47:38","slug":"xi-concentracion-de-motos-buitres-leonaos","status":"publish","type":"post","link":"https:\/\/blogs.hoy.es\/moterosdehoy\/2017\/09\/12\/xi-concentracion-de-motos-buitres-leonaos\/","title":{"rendered":"XI Concentraci\u00f3n de motos Buitres Leonaos"},"content":{"rendered":"<h3>El panorama motero extreme\u00f1o ha cambiando, con ello la concentraci\u00f3n con mayor presencia de personal. \u00c9ste fin de semana tenemos concentraci\u00f3n motera en C\u00e1ceres.<\/h3>\n<p><a href=\"https:\/\/static-blogs.hoy.es\/wp-content\/uploads\/sites\/45\/2017\/09\/2017-09-C\u00e1ceres-Buitres.jpg\"><img loading=\"lazy\" class=\"alignleft size-medium wp-image-2316\" src=\"https:\/\/static-blogs.hoy.es\/wp-content\/uploads\/sites\/45\/2017\/09\/2017-09-C\u00e1ceres-Buitres-244x300.jpg\" alt=\"2017-09-caceres-buitres\" width=\"244\" height=\"300\" srcset=\"https:\/\/static-blogs.hoy.es\/wp-content\/uploads\/sites\/45\/2017\/09\/2017-09-C\u00e1ceres-Buitres-244x300.jpg 244w, https:\/\/static-blogs.hoy.es\/wp-content\/uploads\/sites\/45\/2017\/09\/2017-09-C\u00e1ceres-Buitres-768x943.jpg 768w, https:\/\/static-blogs.hoy.es\/wp-content\/uploads\/sites\/45\/2017\/09\/2017-09-C\u00e1ceres-Buitres.jpg 782w\" sizes=\"(max-width: 244px) 100vw, 244px\" \/><\/a>De la mano del moto club &#8220;Buitres Leonaos&#8221; los d\u00edas del <strong>14 al 17 de septiembre<\/strong> tendremos una macro-concentraci\u00f3n motera con todos sus alicientes. Acampada, rutas, m\u00fasica, conciertos, bebidas, comida, pruebas de enduro, exhibici\u00f3n de boxeo, concursos, regalos&#8230; y todo ello bajo el cartel &#8220;XI Concentraci\u00f3n Internacional de motos Buitres Leonaos&#8221;, que tendr\u00e1 lugar en el <strong>Parque el Cuartillo, <a href=\"http:\/\/www.ayto-caceres.es\/turismo\/\" rel=\"external nofollow\">C\u00e1ceres<\/a><\/strong>.<!--more--><\/p>\n<p>Seg\u00fan han comunicado los propios organizadores en ruedas de prensa, para \u00e9sta d\u00e9cimo primera edici\u00f3n pretenden reunir m\u00e1s de 700 motocicletas y a m\u00e1s de 3.500 personas.<\/p>\n<p>Hay que decir que la concentraci\u00f3n motera tiene unas inscripciones que son de\u00a025\u20ac inscripci\u00f3n completa, 20 \u20ac desde s\u00e1bado tarde, 15\u20ac solo domingo. Con esa\u00a0inscripci\u00f3n incluye: zona de acampada, 6 cervezas en recinto Parque \u201cEl Cuartillo\u201d, 4 cervezas en las rutas, desayunos del viernes, s\u00e1bado y domingo, comida del s\u00e1bado, cena del s\u00e1bado, comida del domingo, bolsa merchandising concentra, y &#8220;entrada gratuita&#8221; para los que solo quieran entrar a ver los conciertos y el ambiente motero.<\/p>\n<p>Dentro del programa tienen previsto:<\/p>\n<p>D\u00cdA 14 JUEVES:<br \/>\n17:00 HORAS: Apertura de inscripciones.<br \/>\n18:00 HORAS: Rutas en peque\u00f1os grupos por C\u00e1ceres, para tomar contacto con la ciudad.<br \/>\n22:00 HORAS: Comienzo de conciertos: SARVAJE TREN, PROYECTO GARRAPATA, NIVEL FREATICO.<\/p>\n<p>D\u00cdA 15 VIERNES:<br \/>\n09:00 HORAS: Inscripciones.<br \/>\n09:00\/11:00 HORAS: Desayuno en churrer\u00eda San Blas (C\/ Jos\u00e9 Reveriego Pedrazo, 1).<br \/>\n11:00 HORAS: Ruta por C\u00e1ceres, subida al Santuario de la Monta\u00f1a.<br \/>\n13:30 HORAS: Cerveza en Piscina Parque del Pr\u00edncipe.<br \/>\n16:00 HORAS: Juegos y concursos (Bebedor de cerveza, carrera de lentos, etc.).<br \/>\n17:30 HORAS: Escapismo extremo a cargo del ilusionista TREVELAN.<br \/>\n19:00 HORAS: Exhibici\u00f3n Boxeo, kick-boxing a cargo de gimnasio \u201cNuevo Zen\u201d , en recinto.<br \/>\n23:00 HORAS: CONCIERTOS: MARCOS ELVIS, THE BILL KILLERS, TET\u00c9 DELGADO Y LOS CICLONES, DJ.<\/p>\n<p>D\u00cdA 16 S\u00c1BADO<br \/>\n9:00\/10:30 HORAS: Desayuno en restaurante TEMIS junto a gasolinera Avda. Universidad.<br \/>\n11:00 HORAS: Ruta por C\u00e1ceres, con paradas para tomar aperitivo.<br \/>\n15:00 HORAS: Comida en recinto de la concentraci\u00f3n.<br \/>\n18:00 HORAS: Prueba de \u201cenduro indoor\u201d en el recinto.<br \/>\n20:00 HORAS: Mejor tatoo de inscrito.<br \/>\n21:00 HORAS: Cena en recinto.<br \/>\n22:30 HORAS: CONCIERTOS: THE BUZZOS, REBELDES, SHOW DRAG MARYH FASSION, LA IRA, DJ.<\/p>\n<p>D\u00cdA 17 DOMINGO<br \/>\n9:00\/11:00 HORAS: Desayuno en recinto.<br \/>\n11:30 HORAS: Ruta hasta Santa Marta de Magasca.<br \/>\n14:30 HORAS: Comida en recinto, entrega de sorteos y regalos.<br \/>\n17:00 HORAS: Despedida y cierre.<\/p>\n<p>Os dejo un <strong><a href=\"https:\/\/www.youtube.com\/watch?v=nFmYK1Lllzc&amp;t=8s\" rel=\"external nofollow\">v\u00eddeo de la edici\u00f3n del a\u00f1o pasado<\/a><\/strong> para que os hag\u00e1is una idea de lo que os pod\u00e9is encontrar.<\/p>\n<p>En definitiva una buena concentraci\u00f3n motera que no te puedes perder, acude a pasar un buen rato, y recuerda que aunque no tengas moto puedes disfrutar de los conciertos y del buen rollo motero, justo a la entrada de la concentra hay aparcamiento para coches.<\/p>\n<p>Saludos y r\u00e1fagas.<\/p>\n<!-- AddThis Advanced Settings generic via filter on the_content --><!-- AddThis Share Buttons generic via filter on the_content -->","protected":false},"excerpt":{"rendered":"<p>El panorama motero extreme\u00f1o ha cambiando, con ello la concentraci\u00f3n con mayor presencia de personal. \u00c9ste fin de semana tenemos concentraci\u00f3n motera en C\u00e1ceres. De la mano del moto club &#8220;Buitres Leonaos&#8221; los d\u00edas del 14 al 17 de septiembre tendremos una macro-concentraci\u00f3n motera con todos sus alicientes. Acampada, rutas, m\u00fasica, conciertos, bebidas, comida, pruebas [&hellip;]<!-- AddThis Advanced Settings generic via filter on get_the_excerpt --><!-- AddThis Share Buttons generic via filter on get_the_excerpt --><\/p>\n","protected":false},"author":49,"featured_media":0,"comment_status":"open","ping_status":"closed","sticky":false,"template":"","format":"standard","meta":[],"categories":[9,13],"tags":[1118,622,1120,1119],"_links":{"self":[{"href":"https:\/\/blogs.hoy.es\/moterosdehoy\/wp-json\/wp\/v2\/posts\/2315"}],"collection":[{"href":"https:\/\/blogs.hoy.es\/moterosdehoy\/wp-json\/wp\/v2\/posts"}],"about":[{"href":"https:\/\/blogs.hoy.es\/moterosdehoy\/wp-json\/wp\/v2\/types\/post"}],"author":[{"embeddable":true,"href":"https:\/\/blogs.hoy.es\/moterosdehoy\/wp-json\/wp\/v2\/users\/49"}],"replies":[{"embeddable":true,"href":"https:\/\/blogs.hoy.es\/moterosdehoy\/wp-json\/wp\/v2\/comments?post=2315"}],"version-history":[{"count":2,"href":"https:\/\/blogs.hoy.es\/moterosdehoy\/wp-json\/wp\/v2\/posts\/2315\/revisions"}],"predecessor-version":[{"id":2318,"href":"https:\/\/blogs.hoy.es\/moterosdehoy\/wp-json\/wp\/v2\/posts\/2315\/revisions\/2318"}],"wp:attachment":[{"href":"https:\/\/blogs.hoy.es\/moterosdehoy\/wp-json\/wp\/v2\/media?parent=2315"}],"wp:term":[{"taxonomy":"category","embeddable":true,"href":"https:\/\/blogs.hoy.es\/moterosdehoy\/wp-json\/wp\/v2\/categories?post=2315"},{"taxonomy":"post_tag","embeddable":true,"href":"https:\/\/blogs.hoy.es\/moterosdehoy\/wp-json\/wp\/v2\/tags?post=2315"}],"curies":[{"name":"wp","href":"https:\/\/api.w.org\/{rel}","templated":true}]}}