{"id":2323,"date":"2017-09-20T08:59:04","date_gmt":"2017-09-20T08:59:04","guid":{"rendered":"http:\/\/blogs.hoy.es\/moterosdehoy\/?p=2323"},"modified":"2017-09-20T09:07:49","modified_gmt":"2017-09-20T09:07:49","slug":"viii-ruta-motera-ciudad-de-trujillo","status":"publish","type":"post","link":"https:\/\/blogs.hoy.es\/moterosdehoy\/2017\/09\/20\/viii-ruta-motera-ciudad-de-trujillo\/","title":{"rendered":"VIII Ruta motera ciudad de Trujillo"},"content":{"rendered":"<p>El grupo motero &#8220;Turgalium&#8221; de la localidad de <a href=\"https:\/\/es.wikipedia.org\/wiki\/Trujillo_(Espa%C3%B1a)\" rel=\"external nofollow\">Trujillo<\/a>\u00a0(C\u00e1ceres), el fin de semana del <strong>23 y 24 de septiembre<\/strong> nos has preparado una ruta motera en su localidad.<\/p>\n<p><a href=\"https:\/\/static-blogs.hoy.es\/wp-content\/uploads\/sites\/45\/2017\/09\/2017-09-Trujillo.jpg\"><img loading=\"lazy\" class=\"alignleft size-medium wp-image-2324\" src=\"https:\/\/static-blogs.hoy.es\/wp-content\/uploads\/sites\/45\/2017\/09\/2017-09-Trujillo-213x300.jpg\" alt=\"2017-09-trujillo\" width=\"213\" height=\"300\" srcset=\"https:\/\/static-blogs.hoy.es\/wp-content\/uploads\/sites\/45\/2017\/09\/2017-09-Trujillo-213x300.jpg 213w, https:\/\/static-blogs.hoy.es\/wp-content\/uploads\/sites\/45\/2017\/09\/2017-09-Trujillo-768x1084.jpg 768w, https:\/\/static-blogs.hoy.es\/wp-content\/uploads\/sites\/45\/2017\/09\/2017-09-Trujillo-726x1024.jpg 726w, https:\/\/static-blogs.hoy.es\/wp-content\/uploads\/sites\/45\/2017\/09\/2017-09-Trujillo.jpg 1134w\" sizes=\"(max-width: 213px) 100vw, 213px\" \/><\/a>El nombre de Turgalium proviene de la propia historia de <a href=\"http:\/\/www.trujillo.es\/\" rel=\"external nofollow\">Trujillo<\/a>, pues en la \u00e9poca romana era el gentilicio que recib\u00edan sus pobladores.<\/p>\n<p>La concentraci\u00f3n motera comenzar\u00e1 a las 17:30 horas del <strong>s\u00e1bado<\/strong> en la Plaza Mayor de la localidad, <!--more-->con venta de inscripciones y material del grupo motero, para iniciar una ruta a las 18:30 h, en la que se realizar\u00e1 una parada en Mont\u00e1nchez, con una degustaci\u00f3n de jam\u00f3n de Manuel Pedraza, uno de sus socios.<\/p>\n<p>De regreso en Trujillo, a las 21:30 h, tendr\u00e1 lugar la cena en el Hotel restaurante &#8220;El Per\u00fa&#8221;, y a las 23:00 fiesta. Dicho hotel ha dejado muy buen precio\u00a0para pasar la noche, 30\u20ac habitaci\u00f3n doble.<\/p>\n<p>El <strong>domingo<\/strong> comenzar\u00e1 a las 10:30 h, de nuevo con venta de inscripciones y prendas del grupo motero, para iniciar una ruta a las 11:00 h, que tendr\u00e1 una parada en el Parador de Conquista de la Sierra, y de regreso a Trujillo a las 15:30 h, comida, para seguir con fiesta durante la tarde.<\/p>\n<p>Se trata de una buena concentraci\u00f3n en un lugar m\u00e1s que digno de ver, por lo que adem\u00e1s de contar con la concentraci\u00f3n motera, dispones de\u00a0su Plaza Mayor, numerosos edificios religiosos y militares, Palacios, y casas fuertes que puedes visitar.<\/p>\n<p>Si necesitas m\u00e1s datos, en el cartel tienes detallado precios de los pinchos en las paradas, comidas&#8230;<\/p>\n<p>Saludos y r\u00e1fagas.<\/p>\n<!-- AddThis Advanced Settings generic via filter on the_content --><!-- AddThis Share Buttons generic via filter on the_content -->","protected":false},"excerpt":{"rendered":"<p>El grupo motero &#8220;Turgalium&#8221; de la localidad de Trujillo\u00a0(C\u00e1ceres), el fin de semana del 23 y 24 de septiembre nos has preparado una ruta motera en su localidad. El nombre de Turgalium proviene de la propia historia de Trujillo, pues en la \u00e9poca romana era el gentilicio que recib\u00edan sus pobladores. La concentraci\u00f3n motera comenzar\u00e1 [&hellip;]<!-- AddThis Advanced Settings generic via filter on get_the_excerpt --><!-- AddThis Share Buttons generic via filter on get_the_excerpt --><\/p>\n","protected":false},"author":49,"featured_media":0,"comment_status":"open","ping_status":"closed","sticky":false,"template":"","format":"standard","meta":[],"categories":[9,13],"tags":[622,624,696,715,1124,1123],"_links":{"self":[{"href":"https:\/\/blogs.hoy.es\/moterosdehoy\/wp-json\/wp\/v2\/posts\/2323"}],"collection":[{"href":"https:\/\/blogs.hoy.es\/moterosdehoy\/wp-json\/wp\/v2\/posts"}],"about":[{"href":"https:\/\/blogs.hoy.es\/moterosdehoy\/wp-json\/wp\/v2\/types\/post"}],"author":[{"embeddable":true,"href":"https:\/\/blogs.hoy.es\/moterosdehoy\/wp-json\/wp\/v2\/users\/49"}],"replies":[{"embeddable":true,"href":"https:\/\/blogs.hoy.es\/moterosdehoy\/wp-json\/wp\/v2\/comments?post=2323"}],"version-history":[{"count":5,"href":"https:\/\/blogs.hoy.es\/moterosdehoy\/wp-json\/wp\/v2\/posts\/2323\/revisions"}],"predecessor-version":[{"id":2329,"href":"https:\/\/blogs.hoy.es\/moterosdehoy\/wp-json\/wp\/v2\/posts\/2323\/revisions\/2329"}],"wp:attachment":[{"href":"https:\/\/blogs.hoy.es\/moterosdehoy\/wp-json\/wp\/v2\/media?parent=2323"}],"wp:term":[{"taxonomy":"category","embeddable":true,"href":"https:\/\/blogs.hoy.es\/moterosdehoy\/wp-json\/wp\/v2\/categories?post=2323"},{"taxonomy":"post_tag","embeddable":true,"href":"https:\/\/blogs.hoy.es\/moterosdehoy\/wp-json\/wp\/v2\/tags?post=2323"}],"curies":[{"name":"wp","href":"https:\/\/api.w.org\/{rel}","templated":true}]}}