{"id":2330,"date":"2017-09-22T15:01:55","date_gmt":"2017-09-22T15:01:55","guid":{"rendered":"http:\/\/blogs.hoy.es\/moterosdehoy\/?p=2330"},"modified":"2017-09-22T15:01:55","modified_gmt":"2017-09-22T15:01:55","slug":"homenaje-a-angel-nieto-en-villafranco-del-guadiana","status":"publish","type":"post","link":"https:\/\/blogs.hoy.es\/moterosdehoy\/2017\/09\/22\/homenaje-a-angel-nieto-en-villafranco-del-guadiana\/","title":{"rendered":"Homenaje a \u00c1ngel Nieto en Villafranco del Guadiana"},"content":{"rendered":"<p>El caf\u00e9 bar braser\u00eda Route 66, de Villafranco del Guadiana (Badajoz), nos ha organizado un homenaje a \u00c1ngel Nieto para el s\u00e1bado 30 de septiembre.<\/p>\n<p><a href=\"https:\/\/static-blogs.hoy.es\/wp-content\/uploads\/sites\/45\/2017\/09\/2017-09-Villafranco.jpg\"><img loading=\"lazy\" class=\"alignleft size-medium wp-image-2331\" src=\"https:\/\/static-blogs.hoy.es\/wp-content\/uploads\/sites\/45\/2017\/09\/2017-09-Villafranco-212x300.jpg\" alt=\"2017-09-villafranco\" width=\"212\" height=\"300\" srcset=\"https:\/\/static-blogs.hoy.es\/wp-content\/uploads\/sites\/45\/2017\/09\/2017-09-Villafranco-212x300.jpg 212w, https:\/\/static-blogs.hoy.es\/wp-content\/uploads\/sites\/45\/2017\/09\/2017-09-Villafranco.jpg 720w\" sizes=\"(max-width: 212px) 100vw, 212px\" \/><\/a>El punto de encuentro ser\u00e1 en la plaza de <a href=\"https:\/\/es.wikipedia.org\/wiki\/Villafranco_del_Guadiana\" rel=\"external nofollow\">Villafranco del Guadiana<\/a>, concretamente en la braser\u00eda organizadora, donde tendr\u00e1 lugar el desayuno desde las 9:30 horas de la ma\u00f1ana.<!--more--><\/p>\n<p>A las 10:30 h, partir\u00e1 una ruta motera por la comarca, para regresar al punto de salida, all\u00ed tendr\u00e1 lugar un aperitivo desde las 13:30 h, con cerveza, paella, panceta, entremeses y dulces, que ser\u00e1n gratis gracias al organizador y colaboradores.<\/p>\n<p>En el cartel del evento han facilitado n\u00fameros de tel\u00e9fono\u00a0para poder avisar de la asistencia, sobre todo a grupos o pe\u00f1as numerosas, por tener preparada la comida. No dud\u00e9is en avisar.<\/p>\n<p>Saludos y r\u00e1fagas.<\/p>\n<!-- AddThis Advanced Settings generic via filter on the_content --><!-- AddThis Share Buttons generic via filter on the_content -->","protected":false},"excerpt":{"rendered":"<p>El caf\u00e9 bar braser\u00eda Route 66, de Villafranco del Guadiana (Badajoz), nos ha organizado un homenaje a \u00c1ngel Nieto para el s\u00e1bado 30 de septiembre. El punto de encuentro ser\u00e1 en la plaza de Villafranco del Guadiana, concretamente en la braser\u00eda organizadora, donde tendr\u00e1 lugar el desayuno desde las 9:30 horas de la ma\u00f1ana.<!-- AddThis Advanced Settings generic via filter on get_the_excerpt --><!-- AddThis Share Buttons generic via filter on get_the_excerpt --><\/p>\n","protected":false},"author":49,"featured_media":0,"comment_status":"open","ping_status":"closed","sticky":false,"template":"","format":"standard","meta":[],"categories":[9,13],"tags":[1125,622,624,720],"_links":{"self":[{"href":"https:\/\/blogs.hoy.es\/moterosdehoy\/wp-json\/wp\/v2\/posts\/2330"}],"collection":[{"href":"https:\/\/blogs.hoy.es\/moterosdehoy\/wp-json\/wp\/v2\/posts"}],"about":[{"href":"https:\/\/blogs.hoy.es\/moterosdehoy\/wp-json\/wp\/v2\/types\/post"}],"author":[{"embeddable":true,"href":"https:\/\/blogs.hoy.es\/moterosdehoy\/wp-json\/wp\/v2\/users\/49"}],"replies":[{"embeddable":true,"href":"https:\/\/blogs.hoy.es\/moterosdehoy\/wp-json\/wp\/v2\/comments?post=2330"}],"version-history":[{"count":1,"href":"https:\/\/blogs.hoy.es\/moterosdehoy\/wp-json\/wp\/v2\/posts\/2330\/revisions"}],"predecessor-version":[{"id":2332,"href":"https:\/\/blogs.hoy.es\/moterosdehoy\/wp-json\/wp\/v2\/posts\/2330\/revisions\/2332"}],"wp:attachment":[{"href":"https:\/\/blogs.hoy.es\/moterosdehoy\/wp-json\/wp\/v2\/media?parent=2330"}],"wp:term":[{"taxonomy":"category","embeddable":true,"href":"https:\/\/blogs.hoy.es\/moterosdehoy\/wp-json\/wp\/v2\/categories?post=2330"},{"taxonomy":"post_tag","embeddable":true,"href":"https:\/\/blogs.hoy.es\/moterosdehoy\/wp-json\/wp\/v2\/tags?post=2330"}],"curies":[{"name":"wp","href":"https:\/\/api.w.org\/{rel}","templated":true}]}}