{"id":2333,"date":"2017-09-26T16:52:51","date_gmt":"2017-09-26T16:52:51","guid":{"rendered":"http:\/\/blogs.hoy.es\/moterosdehoy\/?p=2333"},"modified":"2017-09-26T16:52:51","modified_gmt":"2017-09-26T16:52:51","slug":"v-mercadillo-motero-en-badajoz","status":"publish","type":"post","link":"https:\/\/blogs.hoy.es\/moterosdehoy\/2017\/09\/26\/v-mercadillo-motero-en-badajoz\/","title":{"rendered":"V Mercadillo motero en Badajoz"},"content":{"rendered":"<h3>En octubre tendremos la quinta edici\u00f3n del \u201cmercadillo motero\u201d, de nuevo en la sede del Custom Club Moteros de Hoy, pero en \u00e9sta ocasi\u00f3n con inauguraci\u00f3n de sede.<\/h3>\n<p><a href=\"https:\/\/static-blogs.hoy.es\/wp-content\/uploads\/sites\/45\/2017\/09\/2017-10-Badajoz.jpg\"><img loading=\"lazy\" class=\"alignleft size-medium wp-image-2334\" src=\"https:\/\/static-blogs.hoy.es\/wp-content\/uploads\/sites\/45\/2017\/09\/2017-10-Badajoz-212x300.jpg\" alt=\"2017-10-badajoz\" width=\"212\" height=\"300\" srcset=\"https:\/\/static-blogs.hoy.es\/wp-content\/uploads\/sites\/45\/2017\/09\/2017-10-Badajoz-212x300.jpg 212w, https:\/\/static-blogs.hoy.es\/wp-content\/uploads\/sites\/45\/2017\/09\/2017-10-Badajoz-768x1086.jpg 768w, https:\/\/static-blogs.hoy.es\/wp-content\/uploads\/sites\/45\/2017\/09\/2017-10-Badajoz-724x1024.jpg 724w\" sizes=\"(max-width: 212px) 100vw, 212px\" \/><\/a>El pr\u00f3ximo\u00a0<strong>domingo 08 de octubre<\/strong>, y de nuevo tras dos meses de descanso se realizar\u00e1 un\u00a0mercadillo motero. Se hab\u00eda anunciado que se realizar\u00eda cada fin de semana primero de mes, pero hay muchos eventos moteros y cuando hay alguno por la zona se ha ido anulando para no solaparlos.<\/p>\n<p>Tendr\u00e1 lugar en la <strong>&#8220;nueva sede&#8221;<\/strong>\u00a0del Custom Club Moteros de Hoy,\u00a0situado en C\/. Morchuelo, n\u00ba 21-A, sito en la Barriada de Llera, de Badajoz, si pones en <a href=\"https:\/\/www.google.es\/maps\/place\/Custom+Club+Moteros+de+Hoy\/@38.8542164,-6.988756,17z\/data=!3m1!4b1!4m5!3m4!1s0xd16e442a1b1ac39:0xc5fd4d82530d60c0!8m2!3d38.8542164!4d-6.9865673\" rel=\"external nofollow\">Google maps<\/a>, ir a &#8220;Moteros de Hoy&#8221;, te llevar\u00e1 a la puerta, <!--more-->para los que carec\u00e9is de esas tecnolog\u00edas, por la calle de acceso al antiguo cementerio todo recto, y antes de finalizar lo asfaltado la pen\u00faltima calle de la izquierda.<\/p>\n<p>Como en ediciones anteriores, dar\u00e1 comienzo a las 11:30 horas, y los que tengan pensado llevar cosas para exponerlas para su venta recordar llegar un poco antes, estar\u00e1 abierto desde las 11. M\u00e1s que nada por colocar las cosas y si quer\u00e9is tomar un caf\u00e9. Se recuerda que el Custom Club Moteros de Hoy, no se responsabiliza de la venta o cambio de las cosas que all\u00ed se realicen, pues lo \u00fanico que hace es dejar su local para que se re\u00fana el personal, las transacciones son particulares de cada cual.<\/p>\n<p>Sobre las 12:45 horas habr\u00e1\u00a0alg\u00fan picoteo, hasta fin de existencias.<\/p>\n<p>Para poder participar en el mercadillo motero puedes ir libremente para ver que hay, y en caso de que tengas accesorios moteros o piezas de motocicletas puedes llevarlos e intentar venderlos, seguro que tienes suerte y vendes algo, o lo cambias por algo que veas all\u00ed. No es necesario que sea algo custom, pero si que tenga algo que ver con el mundo de la moto.<\/p>\n<p>No lo dudes y acude a pasar un buen rato.<\/p>\n<p>Saludos y r\u00e1fagas.<\/p>\n<!-- AddThis Advanced Settings generic via filter on the_content --><!-- AddThis Share Buttons generic via filter on the_content -->","protected":false},"excerpt":{"rendered":"<p>En octubre tendremos la quinta edici\u00f3n del \u201cmercadillo motero\u201d, de nuevo en la sede del Custom Club Moteros de Hoy, pero en \u00e9sta ocasi\u00f3n con inauguraci\u00f3n de sede. El pr\u00f3ximo\u00a0domingo 08 de octubre, y de nuevo tras dos meses de descanso se realizar\u00e1 un\u00a0mercadillo motero. Se hab\u00eda anunciado que se realizar\u00eda cada fin de semana [&hellip;]<!-- AddThis Advanced Settings generic via filter on get_the_excerpt --><!-- AddThis Share Buttons generic via filter on get_the_excerpt --><\/p>\n","protected":false},"author":49,"featured_media":0,"comment_status":"open","ping_status":"closed","sticky":false,"template":"","format":"standard","meta":[],"categories":[9,13],"tags":[1066,1126,594,622,696],"_links":{"self":[{"href":"https:\/\/blogs.hoy.es\/moterosdehoy\/wp-json\/wp\/v2\/posts\/2333"}],"collection":[{"href":"https:\/\/blogs.hoy.es\/moterosdehoy\/wp-json\/wp\/v2\/posts"}],"about":[{"href":"https:\/\/blogs.hoy.es\/moterosdehoy\/wp-json\/wp\/v2\/types\/post"}],"author":[{"embeddable":true,"href":"https:\/\/blogs.hoy.es\/moterosdehoy\/wp-json\/wp\/v2\/users\/49"}],"replies":[{"embeddable":true,"href":"https:\/\/blogs.hoy.es\/moterosdehoy\/wp-json\/wp\/v2\/comments?post=2333"}],"version-history":[{"count":1,"href":"https:\/\/blogs.hoy.es\/moterosdehoy\/wp-json\/wp\/v2\/posts\/2333\/revisions"}],"predecessor-version":[{"id":2335,"href":"https:\/\/blogs.hoy.es\/moterosdehoy\/wp-json\/wp\/v2\/posts\/2333\/revisions\/2335"}],"wp:attachment":[{"href":"https:\/\/blogs.hoy.es\/moterosdehoy\/wp-json\/wp\/v2\/media?parent=2333"}],"wp:term":[{"taxonomy":"category","embeddable":true,"href":"https:\/\/blogs.hoy.es\/moterosdehoy\/wp-json\/wp\/v2\/categories?post=2333"},{"taxonomy":"post_tag","embeddable":true,"href":"https:\/\/blogs.hoy.es\/moterosdehoy\/wp-json\/wp\/v2\/tags?post=2333"}],"curies":[{"name":"wp","href":"https:\/\/api.w.org\/{rel}","templated":true}]}}