{"id":2349,"date":"2017-10-13T08:58:18","date_gmt":"2017-10-13T08:58:18","guid":{"rendered":"http:\/\/blogs.hoy.es\/moterosdehoy\/?p=2349"},"modified":"2017-10-13T09:03:07","modified_gmt":"2017-10-13T09:03:07","slug":"encuentro-motero-en-badajoz","status":"publish","type":"post","link":"https:\/\/blogs.hoy.es\/moterosdehoy\/2017\/10\/13\/encuentro-motero-en-badajoz\/","title":{"rendered":"Encuentro motero en Badajoz"},"content":{"rendered":"<h3>El B\u00e1 de Fran, conocido bar dentro del ambiente motero de Badajoz, realizar\u00e1 un encuentro motero el domingo d\u00eda 15 de octubre.<\/h3>\n<p><a href=\"https:\/\/static-blogs.hoy.es\/wp-content\/uploads\/sites\/45\/2017\/10\/2017-10-Badajoz-Fran.jpg\"><img loading=\"lazy\" class=\"alignleft size-medium wp-image-2350\" src=\"https:\/\/static-blogs.hoy.es\/wp-content\/uploads\/sites\/45\/2017\/10\/2017-10-Badajoz-Fran-300x259.jpg\" alt=\"2017-10-badajoz-fran\" width=\"300\" height=\"259\" srcset=\"https:\/\/static-blogs.hoy.es\/wp-content\/uploads\/sites\/45\/2017\/10\/2017-10-Badajoz-Fran-300x259.jpg 300w, https:\/\/static-blogs.hoy.es\/wp-content\/uploads\/sites\/45\/2017\/10\/2017-10-Badajoz-Fran.jpg 708w\" sizes=\"(max-width: 300px) 100vw, 300px\" \/><\/a>El B\u00e1 de Fran est\u00e1 regentado por Fran, de ah\u00ed su nombre y como buen motero le gusta rutear con su moto, una <a href=\"https:\/\/www.google.es\/search?q=yamaha+midnight+star+1300&amp;tbm=isch&amp;tbo=u&amp;source=univ&amp;sa=X&amp;ved=0ahUKEwj4pP3jmu3WAhXjI8AKHZVWD7wQsAQIKA&amp;biw=1366&amp;bih=662\" rel=\"external nofollow\">Yamaha Midnight Star 1300<\/a>, e ir a eventos moteros, y como no, organizar algunos en casa para aun trabajando seguir rodeado de colegas moteros.<!--more--><\/p>\n<p>Por ello, el domingo d\u00eda 15 de octubre, ha organizado en su &#8220;B\u00e1&#8221; un encuentro motero, que seguro que tendr\u00e1 mucha aceptaci\u00f3n, porque es un capullo (desde el cari\u00f1o) muy querido. Para los que no lo conozc\u00e1is se encuentra en Badajoz, Parque de San Fernando, C\/ Somoza Rivera, 16.<\/p>\n<p>No habr\u00e1 ruta, la ruta ser\u00e1 la que quiera hacer cada cual para poder llegar, para los del propio <a href=\"http:\/\/www.turismobadajoz.es\/\" rel=\"external nofollow\">Badajoz<\/a> pueden salir a calentar un poco las ruedas y para la vuelta ya estar\u00e1 esperando el pestorejo y la cerveza fresquita.<\/p>\n<p>Tiene anunciado a las 13:00 horas pestorejada, y a las 14:30 paellada.<\/p>\n<p>Aprovecha estas at\u00edpicas temperaturas y disfruta de la moto, nos vemos en el B\u00e1.<\/p>\n<p>Saludos y r\u00e1fagas.<\/p>\n<!-- AddThis Advanced Settings generic via filter on the_content --><!-- AddThis Share Buttons generic via filter on the_content -->","protected":false},"excerpt":{"rendered":"<p>El B\u00e1 de Fran, conocido bar dentro del ambiente motero de Badajoz, realizar\u00e1 un encuentro motero el domingo d\u00eda 15 de octubre. El B\u00e1 de Fran est\u00e1 regentado por Fran, de ah\u00ed su nombre y como buen motero le gusta rutear con su moto, una Yamaha Midnight Star 1300, e ir a eventos moteros, y [&hellip;]<!-- AddThis Advanced Settings generic via filter on get_the_excerpt --><!-- AddThis Share Buttons generic via filter on get_the_excerpt --><\/p>\n","protected":false},"author":49,"featured_media":0,"comment_status":"open","ping_status":"closed","sticky":false,"template":"","format":"standard","meta":[],"categories":[9,13],"tags":[356,1131,622],"_links":{"self":[{"href":"https:\/\/blogs.hoy.es\/moterosdehoy\/wp-json\/wp\/v2\/posts\/2349"}],"collection":[{"href":"https:\/\/blogs.hoy.es\/moterosdehoy\/wp-json\/wp\/v2\/posts"}],"about":[{"href":"https:\/\/blogs.hoy.es\/moterosdehoy\/wp-json\/wp\/v2\/types\/post"}],"author":[{"embeddable":true,"href":"https:\/\/blogs.hoy.es\/moterosdehoy\/wp-json\/wp\/v2\/users\/49"}],"replies":[{"embeddable":true,"href":"https:\/\/blogs.hoy.es\/moterosdehoy\/wp-json\/wp\/v2\/comments?post=2349"}],"version-history":[{"count":3,"href":"https:\/\/blogs.hoy.es\/moterosdehoy\/wp-json\/wp\/v2\/posts\/2349\/revisions"}],"predecessor-version":[{"id":2353,"href":"https:\/\/blogs.hoy.es\/moterosdehoy\/wp-json\/wp\/v2\/posts\/2349\/revisions\/2353"}],"wp:attachment":[{"href":"https:\/\/blogs.hoy.es\/moterosdehoy\/wp-json\/wp\/v2\/media?parent=2349"}],"wp:term":[{"taxonomy":"category","embeddable":true,"href":"https:\/\/blogs.hoy.es\/moterosdehoy\/wp-json\/wp\/v2\/categories?post=2349"},{"taxonomy":"post_tag","embeddable":true,"href":"https:\/\/blogs.hoy.es\/moterosdehoy\/wp-json\/wp\/v2\/tags?post=2349"}],"curies":[{"name":"wp","href":"https:\/\/api.w.org\/{rel}","templated":true}]}}