{"id":2354,"date":"2017-10-18T16:32:49","date_gmt":"2017-10-18T16:32:49","guid":{"rendered":"http:\/\/blogs.hoy.es\/moterosdehoy\/?p=2354"},"modified":"2017-10-18T16:41:03","modified_gmt":"2017-10-18T16:41:03","slug":"plasencia-celebrara-la-tercera-semana-cultural-por-la-seguridad-vial","status":"publish","type":"post","link":"https:\/\/blogs.hoy.es\/moterosdehoy\/2017\/10\/18\/plasencia-celebrara-la-tercera-semana-cultural-por-la-seguridad-vial\/","title":{"rendered":"Plasencia celebrar\u00e1 la tercera Semana Cultural por la Seguridad Vial"},"content":{"rendered":"<h3>Entre los d\u00edas 16 y 21 de octubre, se celebra en Plasencia (C\u00e1ceres) la &#8220;III Semana Cultural por la Seguridad Vial&#8221;.<\/h3>\n<p><a href=\"https:\/\/static-blogs.hoy.es\/wp-content\/uploads\/sites\/45\/2017\/10\/2017-10-Plasencia.jpg\"><img loading=\"lazy\" class=\"alignleft size-medium wp-image-2355\" src=\"https:\/\/static-blogs.hoy.es\/wp-content\/uploads\/sites\/45\/2017\/10\/2017-10-Plasencia-212x300.jpg\" alt=\"2017-10-plasencia\" width=\"212\" height=\"300\" srcset=\"https:\/\/static-blogs.hoy.es\/wp-content\/uploads\/sites\/45\/2017\/10\/2017-10-Plasencia-212x300.jpg 212w, https:\/\/static-blogs.hoy.es\/wp-content\/uploads\/sites\/45\/2017\/10\/2017-10-Plasencia.jpg 678w\" sizes=\"(max-width: 212px) 100vw, 212px\" \/><\/a>Nuevamente de la mano del grupo motero &#8220;Rolling Custom Club&#8221;, tendr\u00e1n lugar en la localidad de <a href=\"http:\/\/www.plasencia.es\/web\/turismo-plasencia\" rel=\"external nofollow\">Plasencia<\/a> una serie de talleres, rutas y actos, encaminados para sensibilizar en una buena conducci\u00f3n con la motocicleta.<\/p>\n<p>Entre sus actividades tendr\u00e1n:<!--more--><\/p>\n<p>El mi\u00e9rcoles 18 un taller de primeros auxilios, y explicaciones para una conducci\u00f3n segura en grupo.<\/p>\n<p>Viernes 20, taller de defensa personal. Reducci\u00f3n sin violencia en entornos reales.<\/p>\n<p>S\u00e1bado 21, si el tiempo lo permite, RUTA OTO\u00d1AL, con salida a las 11 horas del Bar LP, de Plasencia.<\/p>\n<p>Al regreso a Plasencia, sobre las 15 h, comida de clausura en el Restaurante Blue&#8217;s Mary, y para dar fin a las actividades estar\u00e1 la actuaci\u00f3n en directo a las 20 h, de &#8220;The PlayMounth&#8221;, con entrada gratuita en la Sala Impacto (Plasencia).<a href=\"https:\/\/static-blogs.hoy.es\/wp-content\/uploads\/sites\/45\/2017\/10\/The-Playmouth.jpg\"><img loading=\"lazy\" class=\"alignright size-medium wp-image-2356\" src=\"https:\/\/static-blogs.hoy.es\/wp-content\/uploads\/sites\/45\/2017\/10\/The-Playmouth-300x279.jpg\" alt=\"the-playmouth\" width=\"300\" height=\"279\" srcset=\"https:\/\/static-blogs.hoy.es\/wp-content\/uploads\/sites\/45\/2017\/10\/The-Playmouth-300x279.jpg 300w, https:\/\/static-blogs.hoy.es\/wp-content\/uploads\/sites\/45\/2017\/10\/The-Playmouth.jpg 475w\" sizes=\"(max-width: 300px) 100vw, 300px\" \/><\/a><\/p>\n<p>Como puedes ver Seguridad Vial, pero de un modo ameno, did\u00e1ctico, entretenido y por supuesto con trasfondo de fiesta. No dudes en acudir a pasar un buen rato.<\/p>\n<p>Para m\u00e1s informaci\u00f3n puedes obtenerla en <a href=\"https:\/\/www.facebook.com\/events\/2377455462479461\/?acontext=%7B%22action_history%22%3A%22[%7B%5C%22surface%5C%22%3A%5C%22page%5C%22%2C%5C%22mechanism%5C%22%3A%5C%22page_upcoming_events_card%5C%22%2C%5C%22extra_data%5C%22%3A[]%7D]%22%2C%22has_source%22%3Atrue%7D\" rel=\"external nofollow\">su facebook<\/a>.<\/p>\n<p>Saludos y r\u00e1fagas.<\/p>\n<!-- AddThis Advanced Settings generic via filter on the_content --><!-- AddThis Share Buttons generic via filter on the_content -->","protected":false},"excerpt":{"rendered":"<p>Entre los d\u00edas 16 y 21 de octubre, se celebra en Plasencia (C\u00e1ceres) la &#8220;III Semana Cultural por la Seguridad Vial&#8221;. Nuevamente de la mano del grupo motero &#8220;Rolling Custom Club&#8221;, tendr\u00e1n lugar en la localidad de Plasencia una serie de talleres, rutas y actos, encaminados para sensibilizar en una buena conducci\u00f3n con la motocicleta. [&hellip;]<!-- AddThis Advanced Settings generic via filter on get_the_excerpt --><!-- AddThis Share Buttons generic via filter on get_the_excerpt --><\/p>\n","protected":false},"author":49,"featured_media":0,"comment_status":"open","ping_status":"closed","sticky":false,"template":"","format":"standard","meta":[],"categories":[9,13],"tags":[1132,622,1133,1092,896,1134],"_links":{"self":[{"href":"https:\/\/blogs.hoy.es\/moterosdehoy\/wp-json\/wp\/v2\/posts\/2354"}],"collection":[{"href":"https:\/\/blogs.hoy.es\/moterosdehoy\/wp-json\/wp\/v2\/posts"}],"about":[{"href":"https:\/\/blogs.hoy.es\/moterosdehoy\/wp-json\/wp\/v2\/types\/post"}],"author":[{"embeddable":true,"href":"https:\/\/blogs.hoy.es\/moterosdehoy\/wp-json\/wp\/v2\/users\/49"}],"replies":[{"embeddable":true,"href":"https:\/\/blogs.hoy.es\/moterosdehoy\/wp-json\/wp\/v2\/comments?post=2354"}],"version-history":[{"count":2,"href":"https:\/\/blogs.hoy.es\/moterosdehoy\/wp-json\/wp\/v2\/posts\/2354\/revisions"}],"predecessor-version":[{"id":2358,"href":"https:\/\/blogs.hoy.es\/moterosdehoy\/wp-json\/wp\/v2\/posts\/2354\/revisions\/2358"}],"wp:attachment":[{"href":"https:\/\/blogs.hoy.es\/moterosdehoy\/wp-json\/wp\/v2\/media?parent=2354"}],"wp:term":[{"taxonomy":"category","embeddable":true,"href":"https:\/\/blogs.hoy.es\/moterosdehoy\/wp-json\/wp\/v2\/categories?post=2354"},{"taxonomy":"post_tag","embeddable":true,"href":"https:\/\/blogs.hoy.es\/moterosdehoy\/wp-json\/wp\/v2\/tags?post=2354"}],"curies":[{"name":"wp","href":"https:\/\/api.w.org\/{rel}","templated":true}]}}