{"id":236,"date":"2012-08-12T14:53:49","date_gmt":"2012-08-12T14:53:49","guid":{"rendered":"http:\/\/blogs.hoy.es\/moterosdehoy\/?p=236"},"modified":"2012-08-12T14:53:49","modified_gmt":"2012-08-12T14:53:49","slug":"kedada-motera-en-zurbaran-badajoz","status":"publish","type":"post","link":"https:\/\/blogs.hoy.es\/moterosdehoy\/2012\/08\/12\/kedada-motera-en-zurbaran-badajoz\/","title":{"rendered":"Kedada motera en Zurbar\u00e1n (Badajoz)"},"content":{"rendered":"<p style=\"text-align: justify;\">\u00a0\u00a0\u00a0 El pr\u00f3ximo d\u00eda 19 de agosto de 2012, tendr\u00e1 lugar la IV Convivencia motera &#8220;El Cerrillo&#8221; en Zurbar\u00e1n (Badajoz).<\/p>\n<div class=\"mceTemp\" style=\"text-align: justify;\">\n<dl id=\"attachment_237\" class=\"wp-caption alignright\" style=\"width: 310px;\">\n<dt class=\"wp-caption-dt\"><a href=\"\/moterosdehoy\/wp-content\/uploads\/sites\/45\/2012\/08\/Kedada-motera-en-Zurbar\u00e1n.jpg\"><img loading=\"lazy\" class=\" wp-image-237\" title=\"Kedada motera en Zurbar\u00e1n\" src=\"\/moterosdehoy\/wp-content\/uploads\/sites\/45\/2012\/08\/Kedada-motera-en-Zurbar\u00e1n.jpg\" alt=\"\" width=\"300\" height=\"247\" srcset=\"https:\/\/static-blogs.hoy.es\/wp-content\/uploads\/sites\/45\/2012\/08\/Kedada-motera-en-Zurbar\u00e1n.jpg 3367w, https:\/\/static-blogs.hoy.es\/wp-content\/uploads\/sites\/45\/2012\/08\/Kedada-motera-en-Zurbar\u00e1n-300x247.jpg 300w, https:\/\/static-blogs.hoy.es\/wp-content\/uploads\/sites\/45\/2012\/08\/Kedada-motera-en-Zurbar\u00e1n-768x633.jpg 768w, https:\/\/static-blogs.hoy.es\/wp-content\/uploads\/sites\/45\/2012\/08\/Kedada-motera-en-Zurbar\u00e1n-1024x844.jpg 1024w\" sizes=\"(max-width: 300px) 100vw, 300px\" \/><\/a><\/dt>\n<dd class=\"wp-caption-dd\">Kedada motera en Zurbar\u00e1n (Badajoz)<\/dd>\n<\/dl>\n<\/div>\n<p style=\"text-align: justify;\">\n<p style=\"text-align: justify;\">\u00a0\u00a0\u00a0 Como en a\u00f1os anteriores lo organiza la <a title=\"Pe\u00f1a motera Los Lagartos\" href=\"http:\/\/loslagartos.creatuforo.com\/index.php\" target=\"_blank\" rel=\"external nofollow\">Pe\u00f1a Motera Los Lagartos<\/a> y colabora el Excmo Ayuntamiento de <a title=\"Localidad de Zurbar\u00e1n (Badajoz)\" href=\"http:\/\/es.wikipedia.org\/wiki\/Zurbar%C3%A1n_(Badajoz)\" target=\"_blank\" rel=\"external nofollow\">Zurbar\u00e1n<\/a> con una caldereta\u00a0y entrada en la piscina municipal, ambas cosas gratuitas para todos los moteros.<\/p>\n<p style=\"text-align: justify;\">\u00a0\u00a0 LA INSCRIPCI\u00d3N ES GRATUITA, obteniendo a cambio comida (caldereta), bebida (cerveza, refrescos, gazpacho), ruta con aperitivos y participaci\u00f3n en el sorteo.\u00a0Todo ello\u00a0dar\u00e1 comienzo a las 09:00 horas.<\/p>\n<p style=\"text-align: justify;\">\u00a0\u00a0 Tras la comida se realizar\u00e1 un sorteo con lotes moteros obtenidos de la colaboraci\u00f3n de bares y establecimientos de la localidad.<\/p>\n<p style=\"text-align: justify;\"><strong>\u00a0\u00a0 Saludos y r\u00e1fagas.<\/strong><\/p>\n<p>&nbsp;<\/p>\n<!-- AddThis Advanced Settings generic via filter on the_content --><!-- AddThis Share Buttons generic via filter on the_content -->","protected":false},"excerpt":{"rendered":"<p>\u00a0\u00a0\u00a0 El pr\u00f3ximo d\u00eda 19 de agosto de 2012, tendr\u00e1 lugar la IV Convivencia motera &#8220;El Cerrillo&#8221; en Zurbar\u00e1n (Badajoz). Kedada motera en Zurbar\u00e1n (Badajoz) \u00a0\u00a0\u00a0 Como en a\u00f1os anteriores lo organiza la Pe\u00f1a Motera Los Lagartos y colabora el Excmo Ayuntamiento de Zurbar\u00e1n con una caldereta\u00a0y entrada en la piscina municipal, ambas cosas gratuitas [&hellip;]<!-- AddThis Advanced Settings generic via filter on get_the_excerpt --><!-- AddThis Share Buttons generic via filter on get_the_excerpt --><\/p>\n","protected":false},"author":49,"featured_media":0,"comment_status":"open","ping_status":"closed","sticky":false,"template":"","format":"standard","meta":[],"categories":[13],"tags":[206,551,622,639],"_links":{"self":[{"href":"https:\/\/blogs.hoy.es\/moterosdehoy\/wp-json\/wp\/v2\/posts\/236"}],"collection":[{"href":"https:\/\/blogs.hoy.es\/moterosdehoy\/wp-json\/wp\/v2\/posts"}],"about":[{"href":"https:\/\/blogs.hoy.es\/moterosdehoy\/wp-json\/wp\/v2\/types\/post"}],"author":[{"embeddable":true,"href":"https:\/\/blogs.hoy.es\/moterosdehoy\/wp-json\/wp\/v2\/users\/49"}],"replies":[{"embeddable":true,"href":"https:\/\/blogs.hoy.es\/moterosdehoy\/wp-json\/wp\/v2\/comments?post=236"}],"version-history":[{"count":0,"href":"https:\/\/blogs.hoy.es\/moterosdehoy\/wp-json\/wp\/v2\/posts\/236\/revisions"}],"wp:attachment":[{"href":"https:\/\/blogs.hoy.es\/moterosdehoy\/wp-json\/wp\/v2\/media?parent=236"}],"wp:term":[{"taxonomy":"category","embeddable":true,"href":"https:\/\/blogs.hoy.es\/moterosdehoy\/wp-json\/wp\/v2\/categories?post=236"},{"taxonomy":"post_tag","embeddable":true,"href":"https:\/\/blogs.hoy.es\/moterosdehoy\/wp-json\/wp\/v2\/tags?post=236"}],"curies":[{"name":"wp","href":"https:\/\/api.w.org\/{rel}","templated":true}]}}