{"id":2385,"date":"2017-12-07T10:59:01","date_gmt":"2017-12-07T10:59:01","guid":{"rendered":"http:\/\/blogs.hoy.es\/moterosdehoy\/?p=2385"},"modified":"2017-12-07T11:40:09","modified_gmt":"2017-12-07T11:40:09","slug":"ruta-matanza-villarreal-2017","status":"publish","type":"post","link":"https:\/\/blogs.hoy.es\/moterosdehoy\/2017\/12\/07\/ruta-matanza-villarreal-2017\/","title":{"rendered":"Ruta matanza Villarreal 2017"},"content":{"rendered":"<p><strong>El viernes d\u00eda 8 de diciembre se realizar\u00e1 una ruta para ver la matanza popular de Villarreal.<\/strong><\/p>\n<p><a href=\"https:\/\/static-blogs.hoy.es\/wp-content\/uploads\/sites\/45\/2017\/12\/Ruta-Matanza-Villarreal-1.jpg\"><img loading=\"lazy\" class=\"alignleft size-medium wp-image-2391\" src=\"https:\/\/static-blogs.hoy.es\/wp-content\/uploads\/sites\/45\/2017\/12\/Ruta-Matanza-Villarreal-1-300x212.jpg\" alt=\"ruta-matanza-villarreal\" width=\"300\" height=\"212\" srcset=\"https:\/\/static-blogs.hoy.es\/wp-content\/uploads\/sites\/45\/2017\/12\/Ruta-Matanza-Villarreal-1-300x212.jpg 300w, https:\/\/static-blogs.hoy.es\/wp-content\/uploads\/sites\/45\/2017\/12\/Ruta-Matanza-Villarreal-1-768x543.jpg 768w, https:\/\/static-blogs.hoy.es\/wp-content\/uploads\/sites\/45\/2017\/12\/Ruta-Matanza-Villarreal-1-1024x724.jpg 1024w, https:\/\/static-blogs.hoy.es\/wp-content\/uploads\/sites\/45\/2017\/12\/Ruta-Matanza-Villarreal-1.jpg 1191w\" sizes=\"(max-width: 300px) 100vw, 300px\" \/><\/a>Es tiempo de realizar matanzas en tierras extreme\u00f1as, y hay localidades en las que los vecinos se unen y lo hacen de modo artesano y popular, \u00e9ste es el caso de la localidad de Villarreal, pedan\u00eda de Olivenza y de la provincia de Badajoz.<\/p>\n<p>Dicha matanza durar\u00e1 los d\u00edas 8 y 9 de diciembre. Por lo que hemos pensado realizar una ruta el d\u00eda ocho para visitarlos. Aprovechando que estamos pr\u00f3ximos a Navidad, la ruta tendr\u00e1 una parada en la Pla\u00e7a da Rep\u00fablica de Elvas, para ver el Bel\u00e9n de nuestros vecinos portugueses.<\/p>\n<p>PROGRAMA:<\/p>\n<p>10:30h, quedada para tomar caf\u00e9 en la Cafeter\u00eda Gran V\u00eda, de San Roque (Badajoz).<!--more--><\/p>\n<p>11:00h, inicio de ruta, Campo Maior, Elvas, pasando bajo el acueducto y parada en la Pla\u00e7a da Rep\u00fablica para ver el Bel\u00e9n. Unos 40 kil\u00f3metros, lo que llevar\u00e1 unos 45 minutos.<\/p>\n<p>12:15h. continuaci\u00f3n de ruta a Villarreal. Unos 35 kil\u00f3metros, implicando unos 35 minutos.<\/p>\n<p>12:50h, llegada a Villarreal, para ver la matanza tradicional de la localidad. All\u00ed se podr\u00e1 observar como se trabaja en la matanza, con la opci\u00f3n de degustarlo.<\/p>\n<p>Villarreal es una localidad con 69 personas censadas, que seguro que en estos dos d\u00edas de tradicional matanza tendr\u00e1 muy aumentado el n\u00famero de personas que transiten por sus calles. Y en caso de que no te vaya mucho las matanzas o el fr\u00edo, siempre tendr\u00e1s abiertas las puertas del Bar Luis, \u00fanico bar de la localidad.<\/p>\n<p>Saludos y r\u00e1fagas.<\/p>\n<!-- AddThis Advanced Settings generic via filter on the_content --><!-- AddThis Share Buttons generic via filter on the_content -->","protected":false},"excerpt":{"rendered":"<p>El viernes d\u00eda 8 de diciembre se realizar\u00e1 una ruta para ver la matanza popular de Villarreal. Es tiempo de realizar matanzas en tierras extreme\u00f1as, y hay localidades en las que los vecinos se unen y lo hacen de modo artesano y popular, \u00e9ste es el caso de la localidad de Villarreal, pedan\u00eda de Olivenza [&hellip;]<!-- AddThis Advanced Settings generic via filter on get_the_excerpt --><!-- AddThis Share Buttons generic via filter on get_the_excerpt --><\/p>\n","protected":false},"author":49,"featured_media":0,"comment_status":"open","ping_status":"closed","sticky":false,"template":"","format":"standard","meta":[],"categories":[9,13],"tags":[1147,622,1148,1146],"_links":{"self":[{"href":"https:\/\/blogs.hoy.es\/moterosdehoy\/wp-json\/wp\/v2\/posts\/2385"}],"collection":[{"href":"https:\/\/blogs.hoy.es\/moterosdehoy\/wp-json\/wp\/v2\/posts"}],"about":[{"href":"https:\/\/blogs.hoy.es\/moterosdehoy\/wp-json\/wp\/v2\/types\/post"}],"author":[{"embeddable":true,"href":"https:\/\/blogs.hoy.es\/moterosdehoy\/wp-json\/wp\/v2\/users\/49"}],"replies":[{"embeddable":true,"href":"https:\/\/blogs.hoy.es\/moterosdehoy\/wp-json\/wp\/v2\/comments?post=2385"}],"version-history":[{"count":5,"href":"https:\/\/blogs.hoy.es\/moterosdehoy\/wp-json\/wp\/v2\/posts\/2385\/revisions"}],"predecessor-version":[{"id":2392,"href":"https:\/\/blogs.hoy.es\/moterosdehoy\/wp-json\/wp\/v2\/posts\/2385\/revisions\/2392"}],"wp:attachment":[{"href":"https:\/\/blogs.hoy.es\/moterosdehoy\/wp-json\/wp\/v2\/media?parent=2385"}],"wp:term":[{"taxonomy":"category","embeddable":true,"href":"https:\/\/blogs.hoy.es\/moterosdehoy\/wp-json\/wp\/v2\/categories?post=2385"},{"taxonomy":"post_tag","embeddable":true,"href":"https:\/\/blogs.hoy.es\/moterosdehoy\/wp-json\/wp\/v2\/tags?post=2385"}],"curies":[{"name":"wp","href":"https:\/\/api.w.org\/{rel}","templated":true}]}}